{"id":26153,"date":"2026-05-01T16:01:44","date_gmt":"2026-05-01T14:01:44","guid":{"rendered":"https:\/\/www.ades-grenoble.org\/wordpress\/?p=26153"},"modified":"2026-05-01T16:01:44","modified_gmt":"2026-05-01T14:01:44","slug":"politique-politicienne-358","status":"publish","type":"post","link":"https:\/\/www.ades-grenoble.org\/wordpress\/2026\/05\/01\/politique-politicienne-358\/","title":{"rendered":"Politique politicienne"},"content":{"rendered":"<div class=\"wp-block-image\">\n<figure class=\"alignleft size-full\"><img loading=\"lazy\" decoding=\"async\" width=\"200\" height=\"234\" src=\"https:\/\/www.ades-grenoble.org\/wordpress\/wp-content\/uploads\/2015\/01\/fou1.png\" alt=\"fou\" class=\"wp-image-9634\" srcset=\"https:\/\/www.ades-grenoble.org\/wordpress\/wp-content\/uploads\/2015\/01\/fou1.png 200w, https:\/\/www.ades-grenoble.org\/wordpress\/wp-content\/uploads\/2015\/01\/fou1-128x150.png 128w\" sizes=\"auto, (max-width: 200px) 100vw, 200px\" \/><\/figure>\n<\/div>\n\n\n<p>Suite \u00e0 la d\u00e9claration du 24 avril 2026 de Camille Galliard\u2011Minier, ministre d\u00e9l\u00e9gu\u00e9e charg\u00e9e de l\u2019autonomie et des personnes handicap\u00e9es (et ancienne d\u00e9put\u00e9e de la 1<sup>\u00e8re<\/sup> circonscription de l\u2019Is\u00e8re), qui a \u00e9voqu\u00e9 la transformation de l\u2019appellation des Ehpad en \u00ab Maisons France Autonomie \u00bb, la r\u00e9action du pr\u00e9sident des D\u00e9partements de France est vigoureuse<\/p>\n\n\n\n<!--more-->\n\n\n\n<p>&nbsp;\u00ab <em>Le v\u00e9ritable enjeu est notre capacit\u00e9 collective \u00e0 faire face au vieillissement de la population et \u00e0 en assurer le financement. Cette op\u00e9ration de communication est insultante pour les D\u00e9partements et ne r\u00e8gle pas le probl\u00e8me de fond. Ce n\u2019est pas en ripolinant une activit\u00e9 et en mettant France devant que l\u2019on va \u00eatre plus efficace. \u00c0 force de pr\u00e9tendre tout savoir-faire, l\u2019\u00c9tat ne fait plus rien correctement au plus grand d\u00e9sespoir de nos concitoyens. Les r\u00e9ponses ne peuvent \u00eatre uniquement descendantes ou uniformes, la centralisation n\u2019a jamais produit autre chose que de la scl\u00e9rose. On ne r\u00e9glera pas le probl\u00e8me du vieillissement de la m\u00eame mani\u00e8re en Seine\u2011Saint\u2011Denis que dans le Cantal. Cela suppose du dialogue et de la co\u2011construction avant de faire des effets d\u2019annonce d\u00e9connect\u00e9s de la r\u00e9alit\u00e9 du terrain&nbsp;<\/em>\u00bb. Arr\u00eatons la politique politicienne. Pour remplacer l\u2019immobilisme, le macronisme fait du surplace.<\/p>\n\n\n\n<p><a href=\"https:\/\/departements.fr\/communique\/maison-france-autonomie-mais-que-cherche-le-gouvernement\/\" target=\"_blank\" rel=\"noreferrer noopener\">https:\/\/departements.fr\/communique\/maison-france-autonomie-mais-que-cherche-le-gouvernement\/<\/a><\/p>\n","protected":false},"excerpt":{"rendered":"<p>Suite \u00e0 la d\u00e9claration du 24 avril 2026 de Camille Galliard\u2011Minier, ministre d\u00e9l\u00e9gu\u00e9e charg\u00e9e de l\u2019autonomie et des personnes handicap\u00e9es (et ancienne d\u00e9put\u00e9e de la 1\u00e8re circonscription de l\u2019Is\u00e8re), qui a \u00e9voqu\u00e9 la transformation de l\u2019appellation des Ehpad en \u00ab Maisons France Autonomie \u00bb, la r\u00e9action du pr\u00e9sident des D\u00e9partements de France est vigoureuse<\/p>\n","protected":false},"author":1,"featured_media":0,"comment_status":"closed","ping_status":"open","sticky":false,"template":"","format":"standard","meta":{"twitterCardType":"","cardImageID":0,"cardImage":"","cardTitle":"","cardDesc":"","cardImageAlt":"","cardPlayer":"","cardPlayerWidth":0,"cardPlayerHeight":0,"cardPlayerStream":"","cardPlayerCodec":"","footnotes":""},"categories":[11],"tags":[],"class_list":["post-26153","post","type-post","status-publish","format-standard","hentry","category-politique-locale"],"_links":{"self":[{"href":"https:\/\/www.ades-grenoble.org\/wordpress\/wp-json\/wp\/v2\/posts\/26153","targetHints":{"allow":["GET"]}}],"collection":[{"href":"https:\/\/www.ades-grenoble.org\/wordpress\/wp-json\/wp\/v2\/posts"}],"about":[{"href":"https:\/\/www.ades-grenoble.org\/wordpress\/wp-json\/wp\/v2\/types\/post"}],"author":[{"embeddable":true,"href":"https:\/\/www.ades-grenoble.org\/wordpress\/wp-json\/wp\/v2\/users\/1"}],"replies":[{"embeddable":true,"href":"https:\/\/www.ades-grenoble.org\/wordpress\/wp-json\/wp\/v2\/comments?post=26153"}],"version-history":[{"count":5,"href":"https:\/\/www.ades-grenoble.org\/wordpress\/wp-json\/wp\/v2\/posts\/26153\/revisions"}],"predecessor-version":[{"id":26165,"href":"https:\/\/www.ades-grenoble.org\/wordpress\/wp-json\/wp\/v2\/posts\/26153\/revisions\/26165"}],"wp:attachment":[{"href":"https:\/\/www.ades-grenoble.org\/wordpress\/wp-json\/wp\/v2\/media?parent=26153"}],"wp:term":[{"taxonomy":"category","embeddable":true,"href":"https:\/\/www.ades-grenoble.org\/wordpress\/wp-json\/wp\/v2\/categories?post=26153"},{"taxonomy":"post_tag","embeddable":true,"href":"https:\/\/www.ades-grenoble.org\/wordpress\/wp-json\/wp\/v2\/tags?post=26153"}],"curies":[{"name":"wp","href":"https:\/\/api.w.org\/{rel}","templated":true}]}}