{"id":26170,"date":"2026-05-01T16:02:25","date_gmt":"2026-05-01T14:02:25","guid":{"rendered":"https:\/\/www.ades-grenoble.org\/wordpress\/?p=26170"},"modified":"2026-05-01T16:06:37","modified_gmt":"2026-05-01T14:06:37","slug":"leconomie-sociale-et-solidaire-ess-perd-enormement-d-emplois","status":"publish","type":"post","link":"https:\/\/www.ades-grenoble.org\/wordpress\/2026\/05\/01\/leconomie-sociale-et-solidaire-ess-perd-enormement-d-emplois\/","title":{"rendered":"L&rsquo;\u00e9conomie sociale et solidaire (ESS) perd \u00e9norm\u00e9ment d\u2019 emplois"},"content":{"rendered":"<div class=\"wp-block-image\">\n<figure class=\"alignleft size-medium\"><img loading=\"lazy\" decoding=\"async\" width=\"300\" height=\"160\" src=\"https:\/\/www.ades-grenoble.org\/wordpress\/wp-content\/uploads\/2026\/05\/ess-logo-300x160.jpg\" alt=\"\" class=\"wp-image-26172\" srcset=\"https:\/\/www.ades-grenoble.org\/wordpress\/wp-content\/uploads\/2026\/05\/ess-logo-300x160.jpg 300w, https:\/\/www.ades-grenoble.org\/wordpress\/wp-content\/uploads\/2026\/05\/ess-logo-150x80.jpg 150w, https:\/\/www.ades-grenoble.org\/wordpress\/wp-content\/uploads\/2026\/05\/ess-logo-600x320.jpg 600w, https:\/\/www.ades-grenoble.org\/wordpress\/wp-content\/uploads\/2026\/05\/ess-logo.jpg 613w\" sizes=\"auto, (max-width: 300px) 100vw, 300px\" \/><\/figure>\n<\/div>\n\n\n<p>L\u2019Observatoire national de l\u2019ESS publie, le 23 avril 2026, les chiffres de la&nbsp;<strong>conjoncture dans l\u2019ESS \u00e0 la fin du second semestre 2025<\/strong>. Cette note analytique dresse l&rsquo;\u00e9tat de la conjoncture pour l&rsquo;ESS aux niveaux nationaux (emplois, \u00e9tablissements employeurs, salaires), sectoriels et r\u00e9gionaux.<\/p>\n\n\n\n<p><strong>L&rsquo;ESS a perdu 10 447 emplois entre d\u00e9cembre 2024 et d\u00e9cembre 2025.<\/strong><\/p>\n\n\n\n<!--more-->\n\n\n\n<p>La tendance au ralentissement observ\u00e9e au premier et deuxi\u00e8me trimestre 2025 s&rsquo;aggrave, puisque l&rsquo;ESS perd des emplois au troisi\u00e8me&nbsp;(- 0,15 %) et quatri\u00e8me trimestre 2025 (- 0.46 %). Plusieurs enseignements compl\u00e8tent ce constat principal :<\/p>\n\n\n\n<ul class=\"wp-block-list\">\n<li>Ce recul est principalement aliment\u00e9 par les associations (- 12 305 postes) et les mutuelles (- 2 465 postes). Les coop\u00e9ratives et, surtout, les fondations continuent de cr\u00e9er des emplois mais la tendance est au ralentissement<\/li>\n\n\n\n<li>Toutes les r\u00e9gions perdent des emplois \u00e0 l&rsquo;exception de la Guyane et de la Martinique<\/li>\n\n\n\n<li>Les dynamiques sectorielles sont contrast\u00e9es avec une croissance de l&#8217;emploi qui s&rsquo;observe dans la sant\u00e9 (+ 1,3 %) et l&rsquo;h\u00e9bergement social et m\u00e9dico-social (+ 0.5 %) alors que d&rsquo;autres connaissent des baisses significatives comme les arts et spectacles (- 3,1 %) ou l&rsquo;enseignement (- 1,6 %)<\/li>\n<\/ul>\n\n\n\n<p>Le pr\u00e9sident d&rsquo;ESS France, Benoit Hamon introduit cette note de conjoncture&nbsp;: \u00ab&nbsp;<em>elle confirme, h\u00e9las, les signaux d\u2019alerte que nous relayons depuis plusieurs mois : le retournement de tendance amorc\u00e9 en d\u00e9but d\u2019ann\u00e9e est d\u00e9sormais act\u00e9. L\u2019ESS, traditionnellement r\u00e9siliente face aux crises, a d\u00e9truit des emplois au cours du second semestre 2025. Les perspectives ne sont gu\u00e8re plus encourageantes : le monde mutualiste anticipe une ann\u00e9e 2026 plus difficile encore, tandis que le secteur associatif subit de plein fouet l\u2019incertitude des f inances publiques. Derri\u00e8re le recul de l\u2019emploi dans la culture, l\u2019action sociale ou l\u2019aide \u00e0 domicile, se profile un risque majeur de disparition de services essentiels. Si le monde lucratif grignote des parts de march\u00e9 dans l\u2019enseignement, ailleurs, c\u2019est bien la pr\u00e9sence territoriale et la qualit\u00e9 de l\u2019accompagnement qui vacillent. Au-del\u00e0 des statistiques, c\u2019est la coh\u00e9sion sociale qui est fragilis\u00e9e. Plus que jamais, la mobilisation est une n\u00e9cessit\u00e9 pour pr\u00e9server ce pr\u00e9cieux rempart de solidarit\u00e9.<\/em><em> \u00bb<\/em><\/p>\n\n\n\n<p><u><a href=\"https:\/\/www.ess-france.org\/note-de-conjoncture-du-deuxieme-semestre-2025-l-ess-perd-des-emplois\" target=\"_blank\" rel=\"noreferrer noopener\">Ressources | ESS France<\/a><\/u><\/p>\n","protected":false},"excerpt":{"rendered":"<p>L\u2019Observatoire national de l\u2019ESS publie, le 23 avril 2026, les chiffres de la&nbsp;conjoncture dans l\u2019ESS \u00e0 la fin du second semestre 2025. Cette note analytique dresse l&rsquo;\u00e9tat de la conjoncture pour l&rsquo;ESS aux niveaux nationaux (emplois, \u00e9tablissements employeurs, salaires), sectoriels et r\u00e9gionaux. L&rsquo;ESS a perdu 10 447 emplois entre d\u00e9cembre 2024 et d\u00e9cembre 2025.<\/p>\n","protected":false},"author":1,"featured_media":0,"comment_status":"closed","ping_status":"open","sticky":false,"template":"","format":"standard","meta":{"twitterCardType":"","cardImageID":0,"cardImage":"","cardTitle":"","cardDesc":"","cardImageAlt":"","cardPlayer":"","cardPlayerWidth":0,"cardPlayerHeight":0,"cardPlayerStream":"","cardPlayerCodec":"","footnotes":""},"categories":[11],"tags":[],"class_list":["post-26170","post","type-post","status-publish","format-standard","hentry","category-politique-locale"],"_links":{"self":[{"href":"https:\/\/www.ades-grenoble.org\/wordpress\/wp-json\/wp\/v2\/posts\/26170","targetHints":{"allow":["GET"]}}],"collection":[{"href":"https:\/\/www.ades-grenoble.org\/wordpress\/wp-json\/wp\/v2\/posts"}],"about":[{"href":"https:\/\/www.ades-grenoble.org\/wordpress\/wp-json\/wp\/v2\/types\/post"}],"author":[{"embeddable":true,"href":"https:\/\/www.ades-grenoble.org\/wordpress\/wp-json\/wp\/v2\/users\/1"}],"replies":[{"embeddable":true,"href":"https:\/\/www.ades-grenoble.org\/wordpress\/wp-json\/wp\/v2\/comments?post=26170"}],"version-history":[{"count":4,"href":"https:\/\/www.ades-grenoble.org\/wordpress\/wp-json\/wp\/v2\/posts\/26170\/revisions"}],"predecessor-version":[{"id":26201,"href":"https:\/\/www.ades-grenoble.org\/wordpress\/wp-json\/wp\/v2\/posts\/26170\/revisions\/26201"}],"wp:attachment":[{"href":"https:\/\/www.ades-grenoble.org\/wordpress\/wp-json\/wp\/v2\/media?parent=26170"}],"wp:term":[{"taxonomy":"category","embeddable":true,"href":"https:\/\/www.ades-grenoble.org\/wordpress\/wp-json\/wp\/v2\/categories?post=26170"},{"taxonomy":"post_tag","embeddable":true,"href":"https:\/\/www.ades-grenoble.org\/wordpress\/wp-json\/wp\/v2\/tags?post=26170"}],"curies":[{"name":"wp","href":"https:\/\/api.w.org\/{rel}","templated":true}]}}