{"id":26175,"date":"2026-05-01T16:02:30","date_gmt":"2026-05-01T14:02:30","guid":{"rendered":"https:\/\/www.ades-grenoble.org\/wordpress\/?p=26175"},"modified":"2026-05-01T16:02:30","modified_gmt":"2026-05-01T14:02:30","slug":"la-lutte-contre-la-fraude-aux-prestations-sociales-a-lere-de-son-industrialisation","status":"publish","type":"post","link":"https:\/\/www.ades-grenoble.org\/wordpress\/2026\/05\/01\/la-lutte-contre-la-fraude-aux-prestations-sociales-a-lere-de-son-industrialisation\/","title":{"rendered":"La lutte contre la fraude aux prestations sociales \u00e0 l\u2019\u00e8re de son industrialisation"},"content":{"rendered":"<div class=\"wp-block-image\">\n<figure class=\"alignleft size-full\"><img loading=\"lazy\" decoding=\"async\" width=\"380\" height=\"159\" src=\"https:\/\/www.ades-grenoble.org\/wordpress\/wp-content\/uploads\/2026\/02\/DefenseurDroits.jpg\" alt=\"\" class=\"wp-image-25844\" srcset=\"https:\/\/www.ades-grenoble.org\/wordpress\/wp-content\/uploads\/2026\/02\/DefenseurDroits.jpg 380w, https:\/\/www.ades-grenoble.org\/wordpress\/wp-content\/uploads\/2026\/02\/DefenseurDroits-300x126.jpg 300w, https:\/\/www.ades-grenoble.org\/wordpress\/wp-content\/uploads\/2026\/02\/DefenseurDroits-150x63.jpg 150w\" sizes=\"auto, (max-width: 380px) 100vw, 380px\" \/><\/figure>\n<\/div>\n\n\n<p>Dans un nouveau rapport, la D\u00e9fenseure des droits alerte sur les risques engendr\u00e9s par les contr\u00f4les algorithmiques. Depuis de nombreuses ann\u00e9es, la lutte contre la fraude aux prestations sociales, qui d\u00e8s 2017 avait fait l\u2019objet d\u2019un premier rapport du D\u00e9fenseur des droits, constitue un sujet de pr\u00e9occupation institutionnel et politique majeur, comme en t\u00e9moignent les nombreux rapports consacr\u00e9s \u00e0 l\u2019augmentation et \u00e0 la \u00ab sophistication \u00bb des formes de fraude sociale.<\/p>\n\n\n\n<!--more-->\n\n\n\n<p>L\u2019ensemble des constats effectu\u00e9s au cours de ce rapport refl\u00e8te la massification des contr\u00f4les actuellement \u00e0 l\u2019\u0153uvre de la part de l\u2019ensemble des organismes de s\u00e9curit\u00e9 sociale et de France Travail. Si chacun des organismes fait \u00e9voluer ses pratiques en fonction de ses propres modalit\u00e9s et contraintes, tous s\u2019inscrivent dans cette tendance \u00e0 l\u2019amplification des contr\u00f4les.<\/p>\n\n\n\n<p>En parall\u00e8le, pris entre les imp\u00e9ratifs d\u2019am\u00e9lioration de l\u2019efficacit\u00e9 de la lutte contre la fraude tout en poursuivant leur mission de service public d\u2019accompagnement des assur\u00e9s et allocataires, la D\u00e9fenseure des droits a pu observer que les organismes d\u00e9veloppent une argumentation parfois paradoxale : s\u2019ils mettent en avant le recours \u00e0 des outils technologiques de plus en plus perfectionn\u00e9s permettant un accroissement constant des contr\u00f4les, les risques, en termes d\u2019atteintes aux droits des usagers, induits par ces m\u00eames outils et les pratiques qui en d\u00e9coulent sont relativis\u00e9s ou minor\u00e9s voire ignor\u00e9s.<\/p>\n\n\n\n<p>Dans ce cadre, l\u2019objectif de paiement \u00e0 bon droit des prestations justifie la lutte contre la fraude et les contr\u00f4les effectu\u00e9s \u00e0 cette fin.<\/p>\n\n\n\n<p><strong>Toutefois, cet objectif ne doit pas conduire, dans un contexte d\u2019industrialisation des contr\u00f4les, \u00e0 d\u00e9velopper et \u00e0 user de moyens techniques susceptibles de porter atteinte aux droits des usagers et \u00e0 cibler certaines populations.<\/strong><\/p>\n\n\n\n<p>Sur ce point, il y a lieu de relever qu\u2019au-del\u00e0 du traitement algorithmique actuellement en \u0153uvre, les organismes de s\u00e9curit\u00e9 sociale sont encourag\u00e9s \u00e0 mettre en \u0153uvre des syst\u00e8mes d\u2019IA pour lutter contre la fraude. Ces dispositifs sont porteurs de risques sp\u00e9cifiques pour les droits et libert\u00e9s fondamentaux et appellent des obligations renforc\u00e9es pour les organismes.<\/p>\n\n\n\n<p>Ainsi, le r\u00e8glement europ\u00e9en sur l\u2019intelligence artificielle, qui entre progressivement en application, depuis le 2 f\u00e9vrier 2025, qualifie les \u00ab syst\u00e8mes d\u2019IA destin\u00e9s \u00e0 \u00eatre utilis\u00e9s par les autorit\u00e9s publiques ou en leur nom pour \u00e9valuer l\u2019\u00e9ligibilit\u00e9 des personnes physiques aux prestations et services d\u2019aide sociale essentiels, y compris les services de soins de sant\u00e9, ainsi que pour octroyer, r\u00e9duire, r\u00e9voquer ou r\u00e9cup\u00e9rer ces prestations et services \u00bb de syst\u00e8mes \u00e0 haut risque soumis \u00e0 des obligations sp\u00e9cifiques. Ces obligations incluent notamment, pour les d\u00e9ployeurs de ces syst\u00e8mes une obligation de r\u00e9aliser une analyse d\u2019impact sur les droits fondamentaux.<\/p>\n\n\n\n<p>En tant qu\u2019autorit\u00e9 de protection des droits fondamentaux, au sens de l\u2019article 77 du r\u00e8glement sur l\u2019IA, le D\u00e9fenseur des droits pourrait \u00eatre amen\u00e9 \u00e0 contr\u00f4ler le respect de ces obligations\u2026<\/p>\n\n\n\n<p><a href=\"https:\/\/www.defenseurdesdroits.fr\/sites\/default\/files\/2026-04\/ddd_rapport_fraude-prestations-sociales-2026_20260410.pdf\" target=\"_blank\" rel=\"noreferrer noopener\">https:\/\/www.defenseurdesdroits.fr\/sites\/default\/files\/2026-04\/ddd_rapport_fraude-prestations-sociales-2026_20260410.pdf<\/a><\/p>\n","protected":false},"excerpt":{"rendered":"<p>Dans un nouveau rapport, la D\u00e9fenseure des droits alerte sur les risques engendr\u00e9s par les contr\u00f4les algorithmiques. Depuis de nombreuses ann\u00e9es, la lutte contre la fraude aux prestations sociales, qui d\u00e8s 2017 avait fait l\u2019objet d\u2019un premier rapport du D\u00e9fenseur des droits, constitue un sujet de pr\u00e9occupation institutionnel et politique majeur, comme en t\u00e9moignent les [&hellip;]<\/p>\n","protected":false},"author":1,"featured_media":0,"comment_status":"closed","ping_status":"open","sticky":false,"template":"","format":"standard","meta":{"twitterCardType":"","cardImageID":0,"cardImage":"","cardTitle":"","cardDesc":"","cardImageAlt":"","cardPlayer":"","cardPlayerWidth":0,"cardPlayerHeight":0,"cardPlayerStream":"","cardPlayerCodec":"","footnotes":""},"categories":[11],"tags":[],"class_list":["post-26175","post","type-post","status-publish","format-standard","hentry","category-politique-locale"],"_links":{"self":[{"href":"https:\/\/www.ades-grenoble.org\/wordpress\/wp-json\/wp\/v2\/posts\/26175","targetHints":{"allow":["GET"]}}],"collection":[{"href":"https:\/\/www.ades-grenoble.org\/wordpress\/wp-json\/wp\/v2\/posts"}],"about":[{"href":"https:\/\/www.ades-grenoble.org\/wordpress\/wp-json\/wp\/v2\/types\/post"}],"author":[{"embeddable":true,"href":"https:\/\/www.ades-grenoble.org\/wordpress\/wp-json\/wp\/v2\/users\/1"}],"replies":[{"embeddable":true,"href":"https:\/\/www.ades-grenoble.org\/wordpress\/wp-json\/wp\/v2\/comments?post=26175"}],"version-history":[{"count":4,"href":"https:\/\/www.ades-grenoble.org\/wordpress\/wp-json\/wp\/v2\/posts\/26175\/revisions"}],"predecessor-version":[{"id":26179,"href":"https:\/\/www.ades-grenoble.org\/wordpress\/wp-json\/wp\/v2\/posts\/26175\/revisions\/26179"}],"wp:attachment":[{"href":"https:\/\/www.ades-grenoble.org\/wordpress\/wp-json\/wp\/v2\/media?parent=26175"}],"wp:term":[{"taxonomy":"category","embeddable":true,"href":"https:\/\/www.ades-grenoble.org\/wordpress\/wp-json\/wp\/v2\/categories?post=26175"},{"taxonomy":"post_tag","embeddable":true,"href":"https:\/\/www.ades-grenoble.org\/wordpress\/wp-json\/wp\/v2\/tags?post=26175"}],"curies":[{"name":"wp","href":"https:\/\/api.w.org\/{rel}","templated":true}]}}