{"id":26180,"date":"2026-05-01T16:02:36","date_gmt":"2026-05-01T14:02:36","guid":{"rendered":"https:\/\/www.ades-grenoble.org\/wordpress\/?p=26180"},"modified":"2026-05-01T16:02:36","modified_gmt":"2026-05-01T14:02:36","slug":"plan-regional-en-faveur-du-logement-etudiant-pour-2025-2030","status":"publish","type":"post","link":"https:\/\/www.ades-grenoble.org\/wordpress\/2026\/05\/01\/plan-regional-en-faveur-du-logement-etudiant-pour-2025-2030\/","title":{"rendered":"Plan r\u00e9gional en faveur du logement \u00e9tudiant pour 2025-2030"},"content":{"rendered":"<div class=\"wp-block-image\">\n<figure class=\"alignleft size-full\"><img loading=\"lazy\" decoding=\"async\" width=\"350\" height=\"184\" src=\"https:\/\/www.ades-grenoble.org\/wordpress\/wp-content\/uploads\/2014\/06\/UniversiteGrenoble.jpg\" alt=\"\" class=\"wp-image-8741\" srcset=\"https:\/\/www.ades-grenoble.org\/wordpress\/wp-content\/uploads\/2014\/06\/UniversiteGrenoble.jpg 350w, https:\/\/www.ades-grenoble.org\/wordpress\/wp-content\/uploads\/2014\/06\/UniversiteGrenoble-150x78.jpg 150w, https:\/\/www.ades-grenoble.org\/wordpress\/wp-content\/uploads\/2014\/06\/UniversiteGrenoble-300x157.jpg 300w\" sizes=\"auto, (max-width: 350px) 100vw, 350px\" \/><\/figure>\n<\/div>\n\n\n<p>Ce plan publi\u00e9 le 16 avril 2026 a \u00e9t\u00e9 \u00e9labor\u00e9 par la DREAL (Direction r\u00e9gionale de l\u2019environnement, de l\u2019am\u00e9nagement et du logement) et le Rectorat, il a pour ambition de produire plus et plus vite, des logements abordables et de qualit\u00e9. Se loger ne devrait jamais \u00eatre un frein pour \u00e9tudier. C\u2019est pourtant une r\u00e9alit\u00e9 pour beaucoup d\u2019\u00e9tudiants. Entre des loyers \u00e9lev\u00e9s dans le parc priv\u00e9 et une offre de logements sociaux d\u00e9di\u00e9e insuffisante, certains \u00e9tudiants sont contraints de modifier, voire d\u2019abandonner leur projet d\u2019\u00e9tudes.<\/p>\n\n\n\n<!--more-->\n\n\n\n<p>Ce plan a fait l\u2019objet d\u2019une large concertation dans le cadre de l\u2019instance r\u00e9gionale de coordination et de suivi du logement \u00e9tudiant. Maintenant il reste \u00e0 le mettre effectivement en route, ce qui ne va pas aller tout seul, vu la dette de l\u2019Etat et du coup les difficult\u00e9s des collectivit\u00e9s, des bailleurs sociaux et du Crous.<\/p>\n\n\n\n<p>La d\u00e9mographie \u00e9tudiante est dynamique&nbsp;: en 2025, la r\u00e9gion Auvergne-Rh\u00f4ne-Alpes compte plus de 380 000 \u00e9tudiants (dont la moiti\u00e9 sur la m\u00e9tropole de Lyon). Pr\u00e8s d\u20191\/4 des \u00e9tudiants sont boursiers.<\/p>\n\n\n\n<p>L\u2019offre de formations propos\u00e9e fait de la r\u00e9gion Auvergne-Rh\u00f4ne-Alpes un territoire attractif qui conna\u00eet des hausses importantes des effectifs \u00e9tudiants, principalement sur les m\u00e9tropoles de Lyon et de Grenoble ainsi que sur le territoire d\u2019Annecy.<\/p>\n\n\n\n<p><em><strong>\u00ab&nbsp;2018-2025, une production soutenue de logements sociaux \u00e9tudiants<\/strong><\/em><\/p>\n\n\n\n<p>&nbsp;<em>Plus de 7 500 logements sociaux \u00e9tudiants ont \u00e9t\u00e9 financ\u00e9s.<br>&nbsp;Pr\u00e8s de 7 000 nouvelles places ont \u00e9t\u00e9 livr\u00e9es.<br>&nbsp;80&nbsp;% des logements sociaux \u00e9tudiants sont produits sur la m\u00e9tropole de Lyon.<br>&nbsp;3\/4 des r\u00e9sidences universitaires conventionn\u00e9es sont produites par des bailleurs sociaux.<\/em><\/p>\n\n\n\n<p><em>Un plan r\u00e9gional concert\u00e9 pour optimiser l\u2019action collective. Malgr\u00e9 ces r\u00e9sultats positifs, la dynamique de production initi\u00e9e ne permet pas de r\u00e9pondre \u00e0 la hauteur des besoins croissants. L\u2019acc\u00e8s \u00e0 un logement d\u00e9cent, abordable, proche du lieu des \u00e9tudes, reste encore un d\u00e9fi pour beaucoup d\u2019\u00e9tudiants.<\/em><\/p>\n\n\n\n<p><em>Comment optimiser l\u2019action collective&nbsp;? Comment acc\u00e9l\u00e9rer la production et la r\u00e9habilitation de logements \u00e9tudiants afin de proposer une offre de qualit\u00e9 et en quantit\u00e9 suffisante&nbsp;?<\/em><\/p>\n\n\n\n<p><em>C\u2019est tout le sens du Plan r\u00e9gional en faveur du logement \u00e9tudiant 2025-2030 port\u00e9 par la Pr\u00e9f\u00e8te de r\u00e9gion et la Rectrice de r\u00e9gion acad\u00e9mique suite \u00e0 la circulaire du Premier ministre du 25 ao\u00fbt 2025.<\/em><\/p>\n\n\n\n<p><em>\u00c9labor\u00e9 par la DREAL et le Rectorat, ce plan a fait l\u2019objet d\u2019une large concertation dans le cadre de l\u2019instance r\u00e9gionale de coordination et de suivi du logement \u00e9tudiant.<\/em><\/p>\n\n\n\n<p><em><u>Ce plan s\u2019articule autour de 4 axes d\u2019intervention&nbsp;:<\/u><\/em><\/p>\n\n\n\n<p><em>Maintenir voire accro\u00eetre la dynamique de d\u00e9veloppement de logements sociaux \u00e9tudiants.<\/em><\/p>\n\n\n\n<p><em>Renforcer les gouvernances pour un suivi rapproch\u00e9 et partag\u00e9 des enjeux et de la production de logements sociaux \u00e9tudiants.<\/em><\/p>\n\n\n\n<p><em>Am\u00e9liorer la connaissance de l\u2019offre et des conditions de logement des \u00e9tudiants.<\/em><\/p>\n\n\n\n<p><em>Faciliter l\u2019acc\u00e8s aux droits, \u00e0 l\u2019information et \u00e0 l\u2019offre sociale de logement \u00e9tudiant.<\/em><\/p>\n\n\n\n<p><em><u>Ce plan repose sur des objectifs partag\u00e9s<\/u><\/em><em>&nbsp;:<br>&nbsp;la mobilisation et l\u2019ambition de tous pour r\u00e9pondre aux besoins dans une approche territoriale \u00e9quilibr\u00e9e et une logique d\u2019anticipation des \u00e9volutions d\u00e9mographiques \u00e9tudiantes&nbsp;;<br>&nbsp;l\u2019innovation et l\u2019exp\u00e9rimentation pour aller plus loin et faciliter l\u2019\u00e9mergence des projets.<\/em><\/p>\n\n\n\n<p><em>La mise en \u0153uvre de ce plan est au c\u0153ur d\u2019une mobilisation collective associant&nbsp;: collectivit\u00e9s, universit\u00e9s, les Crous de Lyon, de Grenoble Alpes et de Clermont Auvergne, mais aussi les bailleurs sociaux, la Banque des territoires avec le programme AGiLE, Action Logement, les 4 observatoires territoriaux du logement \u00e9tudiant (Sillon alpin, m\u00e9tropole de Lyon, Saint-\u00c9tienne m\u00e9tropole et m\u00e9tropole de Clermont-Ferrand).&nbsp;\u00bb<\/em><\/p>\n\n\n\n<p><u><a href=\"https:\/\/www.auvergne-rhone-alpes.developpement-durable.gouv.fr\/IMG\/pdf\/20260331-planregional-logementetudiantvf2.pdf\" target=\"_blank\" rel=\"noreferrer noopener\">Plan r\u00e9gional en faveur du logement \u00e9tudiant 2025-2030 en Auvergne-Rh\u00f4ne-Alpes\u00a0pdf\u00a0&#8211; 5.3\u00a0Mio<\/a><\/u><\/p>\n","protected":false},"excerpt":{"rendered":"<p>Ce plan publi\u00e9 le 16 avril 2026 a \u00e9t\u00e9 \u00e9labor\u00e9 par la DREAL (Direction r\u00e9gionale de l\u2019environnement, de l\u2019am\u00e9nagement et du logement) et le Rectorat, il a pour ambition de produire plus et plus vite, des logements abordables et de qualit\u00e9. Se loger ne devrait jamais \u00eatre un frein pour \u00e9tudier. C\u2019est pourtant une r\u00e9alit\u00e9 [&hellip;]<\/p>\n","protected":false},"author":1,"featured_media":0,"comment_status":"closed","ping_status":"open","sticky":false,"template":"","format":"standard","meta":{"twitterCardType":"","cardImageID":0,"cardImage":"","cardTitle":"","cardDesc":"","cardImageAlt":"","cardPlayer":"","cardPlayerWidth":0,"cardPlayerHeight":0,"cardPlayerStream":"","cardPlayerCodec":"","footnotes":""},"categories":[11],"tags":[],"class_list":["post-26180","post","type-post","status-publish","format-standard","hentry","category-politique-locale"],"_links":{"self":[{"href":"https:\/\/www.ades-grenoble.org\/wordpress\/wp-json\/wp\/v2\/posts\/26180","targetHints":{"allow":["GET"]}}],"collection":[{"href":"https:\/\/www.ades-grenoble.org\/wordpress\/wp-json\/wp\/v2\/posts"}],"about":[{"href":"https:\/\/www.ades-grenoble.org\/wordpress\/wp-json\/wp\/v2\/types\/post"}],"author":[{"embeddable":true,"href":"https:\/\/www.ades-grenoble.org\/wordpress\/wp-json\/wp\/v2\/users\/1"}],"replies":[{"embeddable":true,"href":"https:\/\/www.ades-grenoble.org\/wordpress\/wp-json\/wp\/v2\/comments?post=26180"}],"version-history":[{"count":4,"href":"https:\/\/www.ades-grenoble.org\/wordpress\/wp-json\/wp\/v2\/posts\/26180\/revisions"}],"predecessor-version":[{"id":26186,"href":"https:\/\/www.ades-grenoble.org\/wordpress\/wp-json\/wp\/v2\/posts\/26180\/revisions\/26186"}],"wp:attachment":[{"href":"https:\/\/www.ades-grenoble.org\/wordpress\/wp-json\/wp\/v2\/media?parent=26180"}],"wp:term":[{"taxonomy":"category","embeddable":true,"href":"https:\/\/www.ades-grenoble.org\/wordpress\/wp-json\/wp\/v2\/categories?post=26180"},{"taxonomy":"post_tag","embeddable":true,"href":"https:\/\/www.ades-grenoble.org\/wordpress\/wp-json\/wp\/v2\/tags?post=26180"}],"curies":[{"name":"wp","href":"https:\/\/api.w.org\/{rel}","templated":true}]}}