{"id":26193,"date":"2026-05-01T16:02:49","date_gmt":"2026-05-01T14:02:49","guid":{"rendered":"https:\/\/www.ades-grenoble.org\/wordpress\/?p=26193"},"modified":"2026-05-01T16:02:49","modified_gmt":"2026-05-01T14:02:49","slug":"le-nouvel-executif-de-la-metro","status":"publish","type":"post","link":"https:\/\/www.ades-grenoble.org\/wordpress\/2026\/05\/01\/le-nouvel-executif-de-la-metro\/","title":{"rendered":"Le nouvel ex\u00e9cutif de la M\u00e9tro"},"content":{"rendered":"<div class=\"wp-block-image\">\n<figure class=\"alignleft size-full\"><img loading=\"lazy\" decoding=\"async\" width=\"278\" height=\"278\" src=\"https:\/\/www.ades-grenoble.org\/wordpress\/wp-content\/uploads\/2022\/02\/Logo-Metro-GAM.jpg\" alt=\"\" class=\"wp-image-19903\" srcset=\"https:\/\/www.ades-grenoble.org\/wordpress\/wp-content\/uploads\/2022\/02\/Logo-Metro-GAM.jpg 278w, https:\/\/www.ades-grenoble.org\/wordpress\/wp-content\/uploads\/2022\/02\/Logo-Metro-GAM-150x150.jpg 150w, https:\/\/www.ades-grenoble.org\/wordpress\/wp-content\/uploads\/2022\/02\/Logo-Metro-GAM-144x144.jpg 144w\" sizes=\"auto, (max-width: 278px) 100vw, 278px\" \/><\/figure>\n<\/div>\n\n\n<p>Le conseil de m\u00e9tropole du 30 avril 2026 a \u00e9lu Guillaume Lissy comme nouveau pr\u00e9sident, avec 87 voix sur 109. Il s\u2019agit d\u2019un compromis entre les conceptions diff\u00e9rentes de gestion de la m\u00e9tropole qui s\u2019\u00e9taient exprim\u00e9es le 23 avril, celle port\u00e9e par Guerrero priorisant la territorialisation et celle par Lissy exigeant le respect du vote politique des \u00e9lectrices et des \u00e9lecteurs, donc un pr\u00e9sident de gauche. Mais entre compromis et compromission il y a parfois un espace tr\u00e8s \u00e9troit.<\/p>\n\n\n\n<!--more-->\n\n\n\n<p>Dans un \u00e9tablissement public de coop\u00e9ration intercommunale, la pr\u00e9sidence est fondamentale, c\u2019est elle qui est ma\u00eetresse des horloges, des ordres du jour du conseil, dirige les services et qui donne ou retire les d\u00e9l\u00e9gations aux vice-pr\u00e9sident-es (VP) et aux conseill\u00e9-\u00e8res d\u00e9l\u00e9gu\u00e9s.<\/p>\n\n\n\n<p>Le conseil m\u00e9tropolitain a vot\u00e9 un nombre de VP \u00e0 20 soit le maximum.<\/p>\n\n\n\n<p>L\u2019ordre du tableau des VP est le suivant&nbsp;: Ruffin, Guerrero, Labriet, Laval, Belair, Rubes, Thoviste, Veyret, Guyomard, Amadieu, Vendra, Plenet, Porta, Moreau, Rossetti, Osmond, Depinois, Bertrand, Hugel\u00e9, Farge.<\/p>\n\n\n\n<p>Globalement il y a un \u00e9quilibre entre la gauche d\u2019un c\u00f4t\u00e9 et de l\u2019autre le centre et la droite. Il faudra attendre les d\u00e9l\u00e9gations qui seront d\u00e9cid\u00e9es par arr\u00eat\u00e9 du pr\u00e9sident dans les prochains jours.<\/p>\n\n\n\n<p>La situation financi\u00e8re de la M\u00e9tro est d\u00e9grad\u00e9e sous les oukases gouvernementaux et la prochaine d\u00e9cision modificative va \u00eatre tr\u00e8s difficile. Certains pourraient \u00eatre tent\u00e9 de faire comme \u00e0 Aix-Marseille de se mettre sous tutelle du pr\u00e9fet. Cela a de grands dangers pour la M\u00e9tro et ses communes, voir par exemple l\u2019analyse de l\u2019association des maires de France \u00e0 ce sujet&nbsp;o\u00f9 il est question de diminuer les attributions de compensation vers\u00e9es aux communes. Si cette situation arrivait \u00e0 la M\u00e9tro, la CRC pourrait diminuer les attributions de compensation des communes de 15 M\u20ac pour retrouver le niveau de ce qui aurait d\u00fb \u00eatre fait sur le transfert de la comp\u00e9tence voirie. Laisser l\u2019Etat g\u00e9rer une collectivit\u00e9 c\u2019est une d\u00e9mission d\u00e9mocratique.<\/p>\n\n\n\n<p><a href=\"https:\/\/www.maire-info.com\/finances-locales\/la-mise-sous-tutelle-de-la-metropole-aix-marseille-menace-certains-versements-destines-aux-communes-article-30751\" target=\"_blank\" rel=\"noreferrer noopener\">La mise sous tutelle de la M\u00e9tropole Aix-Marseille menace certains versements destin\u00e9s aux communes | Maire-Info, quotidien d&rsquo;information destin\u00e9 aux \u00e9lus locaux<\/a><\/p>\n","protected":false},"excerpt":{"rendered":"<p>Le conseil de m\u00e9tropole du 30 avril 2026 a \u00e9lu Guillaume Lissy comme nouveau pr\u00e9sident, avec 87 voix sur 109. Il s\u2019agit d\u2019un compromis entre les conceptions diff\u00e9rentes de gestion de la m\u00e9tropole qui s\u2019\u00e9taient exprim\u00e9es le 23 avril, celle port\u00e9e par Guerrero priorisant la territorialisation et celle par Lissy exigeant le respect du vote [&hellip;]<\/p>\n","protected":false},"author":1,"featured_media":0,"comment_status":"closed","ping_status":"open","sticky":false,"template":"","format":"standard","meta":{"twitterCardType":"","cardImageID":0,"cardImage":"","cardTitle":"","cardDesc":"","cardImageAlt":"","cardPlayer":"","cardPlayerWidth":0,"cardPlayerHeight":0,"cardPlayerStream":"","cardPlayerCodec":"","footnotes":""},"categories":[11],"tags":[],"class_list":["post-26193","post","type-post","status-publish","format-standard","hentry","category-politique-locale"],"_links":{"self":[{"href":"https:\/\/www.ades-grenoble.org\/wordpress\/wp-json\/wp\/v2\/posts\/26193","targetHints":{"allow":["GET"]}}],"collection":[{"href":"https:\/\/www.ades-grenoble.org\/wordpress\/wp-json\/wp\/v2\/posts"}],"about":[{"href":"https:\/\/www.ades-grenoble.org\/wordpress\/wp-json\/wp\/v2\/types\/post"}],"author":[{"embeddable":true,"href":"https:\/\/www.ades-grenoble.org\/wordpress\/wp-json\/wp\/v2\/users\/1"}],"replies":[{"embeddable":true,"href":"https:\/\/www.ades-grenoble.org\/wordpress\/wp-json\/wp\/v2\/comments?post=26193"}],"version-history":[{"count":6,"href":"https:\/\/www.ades-grenoble.org\/wordpress\/wp-json\/wp\/v2\/posts\/26193\/revisions"}],"predecessor-version":[{"id":26199,"href":"https:\/\/www.ades-grenoble.org\/wordpress\/wp-json\/wp\/v2\/posts\/26193\/revisions\/26199"}],"wp:attachment":[{"href":"https:\/\/www.ades-grenoble.org\/wordpress\/wp-json\/wp\/v2\/media?parent=26193"}],"wp:term":[{"taxonomy":"category","embeddable":true,"href":"https:\/\/www.ades-grenoble.org\/wordpress\/wp-json\/wp\/v2\/categories?post=26193"},{"taxonomy":"post_tag","embeddable":true,"href":"https:\/\/www.ades-grenoble.org\/wordpress\/wp-json\/wp\/v2\/tags?post=26193"}],"curies":[{"name":"wp","href":"https:\/\/api.w.org\/{rel}","templated":true}]}}