{"id":2653,"date":"2010-11-19T21:24:06","date_gmt":"2010-11-19T19:24:06","guid":{"rendered":"http:\/\/www.ades-grenoble.org\/wordpress\/?p=2653"},"modified":"2010-12-17T21:55:54","modified_gmt":"2010-12-17T19:55:54","slug":"fichier-base-eleves-la-lutte-continue","status":"publish","type":"post","link":"https:\/\/www.ades-grenoble.org\/wordpress\/2010\/11\/19\/fichier-base-eleves-la-lutte-continue\/","title":{"rendered":"Fichier Base \u00e9l\u00e8ves, la lutte continue"},"content":{"rendered":"<p><img loading=\"lazy\" decoding=\"async\" class=\"alignleft size-thumbnail wp-image-118\" style=\"margin: 5px;\" title=\"base-eleves\" src=\"http:\/\/www.ades-grenoble.org\/wordpress\/wp-content\/uploads\/2008\/06\/base-eleves-150x150.jpg\" alt=\"\" width=\"150\" height=\"150\" \/>Le Collectif National de R\u00e9sistance \u00e0 Base \u00c9l\u00e8ves (CNRBE) communique (30-10-2010)\u00a0:<\/p>\n<p>Dans un communiqu\u00e9 de presse du 21 octobre 2010, en r\u00e9ponse aux arr\u00eats du Conseil d\u2019\u00c9tat du 19 juillet sur l\u2019ill\u00e9galit\u00e9 flagrante des fichiers BE et BNIE, le minist\u00e8re de l\u2019Education nationale (MEN) continue \u00e0 manipuler les citoyens.<\/p>\n<p>Il se flatte de s\u2019\u00eatre <em><em>\u00abmis en conformit\u00e9\u00bb<\/em><\/em> avec les d\u00e9cisions du Conseil d\u2019\u00c9tat, mais omet d\u2019informer sur deux points essentiels :<\/p>\n<ul>\n<li>le \tr\u00e9tablissement du droit d\u2019opposition des parents ; dans les \tfaits, il n\u2019informe pas sur ce droit et\u00a0 il refuse tout motif \td\u2019opposition invoqu\u00e9 par les familles (comme l\u2019a \trapport\u00e9 le CNRBE suite \u00e0 de nombreux t\u00e9moignages);<\/li>\n<li>l\u2019ill\u00e9galit\u00e9 \tdes mises en relation de la \u00ab Base \u00e9l\u00e8ves \u00bb avec d\u2019autres \tfichiers ; dans les faits, les \u00e9changes entre fichiers sont \tmaintenus et se multiplient.<\/li>\n<\/ul>\n<p>Certes, pour la premi\u00e8re fois aussi clairement, le MEN reconna\u00eet l\u2019existence d\u2019une \u00ab Base Nationale des Identifiants El\u00e8ves (BNIE) \u00bb , dont la dur\u00e9e de conservation s\u2019en trouve r\u00e9duite. Mais il en maintient l\u2019opacit\u00e9 car, m\u00eame apr\u00e8s le toilettage exig\u00e9 par le Conseil d\u2019\u00c9tat, aucun acte officiel n\u2019a \u00e9t\u00e9 publi\u00e9 \u00e0 ce jour sur la BNIE, qui est cens\u00e9e contenir des donn\u00e9es nominatives de 14 millions d\u2019enfants ! Et il omet de dire qu\u2019il veut, d\u00e8s 2011, cr\u00e9er un R\u00e9pertoire National destin\u00e9 \u00e0 remplacer cette \u00ab base \u00bb sur une dur\u00e9e comprenant la scolarit\u00e9 et la formation continue.<\/p>\n<p><!--more-->Alors que le MEN avait annonc\u00e9 supprim\u00e9es de Base \u00e9l\u00e8ves des donn\u00e9es sensibles comme les comp\u00e9tences, elles r\u00e9apparaissent aujourd\u2019hui sous la forme d\u2019un fichier nomm\u00e9 \u201cLivret de comp\u00e9tences\u201d, l\u00e0 encore sans aucun d\u00e9bat ni concertation (6), ainsi que\u00a0 des fichiers de \u201csuivis particuliers\u201d. De plus, l\u2019\u00c9tat met en \u0153uvre cette ann\u00e9e la \u201cg\u00e9olocalisation\u201d des adresses entr\u00e9es dans les Bases \u00e9l\u00e8ves acad\u00e9miques et ne renonce pas non plus \u00e0 utiliser ces traitements de donn\u00e9es \u00e0 caract\u00e8re personnel pour les recherches d\u2019enfants.<\/p>\n<p>Plus que jamais, il faut s\u2019opposer \u00e0 ces dispositifs \u00e9volutifs et opaques car mis en place :<\/p>\n<ul>\n<li>sans \tconcertation, sans \u00e9tude d\u2019impact sur la personne, l\u2019\u00e9ducation, \tla soci\u00e9t\u00e9;<\/li>\n<li>sans \tencadrement par la loi fran\u00e7aise : des fichiers de cette ampleur \tb\u00e9n\u00e9ficient d\u2019une simple d\u00e9claration \u00e0 la CNIL, sans \tpublication;<\/li>\n<li>sans \tpossibilit\u00e9 de s\u2019appuyer sur la CNIL, manifestement partiale et \tqui continue \u00e0 d\u00e9sinformer la\u00a0 population ;<\/li>\n<\/ul>\n<p>au m\u00e9pris des recommandations du Comit\u00e9 des droits de l\u2019enfant des Nations Unies, produites pourtant par des experts autoris\u00e9s;<\/p>\n<p>Ces fichiers vont constituer d\u2019\u00e9normes banques de renseignements sur les personnes d\u00e8s leur plus jeune \u00e2ge, sans aucun d\u00e9bat, sans souci d\u2019information des parents sur les risques de voir la vie de leur(s) enfant(s) et leur(s) parcours \u201ctrac\u00e9s\u201d par ces dispositifs.<\/p>\n<p>Le CNRBE demande :<\/p>\n<ul>\n<li>la \tsuppression de la Base \u00e9l\u00e8ves et de la Base nationale des \tidentifiants \u00e9l\u00e8ves;<\/li>\n<li>l\u2019annulation \tdes sanctions des directeurs d\u2019\u00e9coles qui d\u00e9noncent Base \u00e9l\u00e8ves \t(retenues sur salaire, retrait d\u2019emplois de direction, direction \trefus\u00e9e, etc.) impliquant le respect des interventions des \tD\u00e9fenseurs des Droits de l\u2019Homme;<\/li>\n<li>une \tr\u00e9vision de la Loi de l\u2019informatique, des fichiers et des \tlibert\u00e9s dans le sens d\u2019une r\u00e9elle protection de la vie priv\u00e9e \tet notamment celle des enfants<\/li>\n<li>une \tCNIL respectueuse des principes \u00e0 l\u2019origine de sa cr\u00e9ation;.<\/li>\n<li>une \tgestion des renseignements personnels exclusivement au sein des \t\u00e9coles (identit\u00e9, coordonn\u00e9es, livret scolaire);<\/li>\n<li>une \tgestion des effectifs sous forme chiffr\u00e9e et donc non nominative;<\/li>\n<li>des \tanalyses statistiques par panels ou \u00e9chantillons, selon les r\u00e8gles \tg\u00e9n\u00e9ralement admises par la communaut\u00e9 des statisticiens (8).<\/li>\n<\/ul>\n<p>Le CNRBE appelle les parents \u00e0 user de leur droit d\u2019opposition en refusant l\u2019inscription de leur enfant dans BE, ou en demandant leur retrait.<\/p>\n<p><strong><em>La France a su supprimer <\/em><\/strong><em>le fichier GAMIN<\/em><strong><em> dans les ann\u00e9es 70, elle saura s\u2019opposer au <\/em><\/strong><em>SAFARI<\/em><strong><em> scolaire!<\/em><\/strong><br \/>\nPour plus de d\u00e9tails\u00a0: <a href=\"http:\/\/retraitbaseeleves.wordpress.com\" target=\"_blank\">http:\/\/retraitbaseeleves.wordpress.com<\/a><\/p>\n","protected":false},"excerpt":{"rendered":"<p>Le Collectif National de R\u00e9sistance \u00e0 Base \u00c9l\u00e8ves (CNRBE) communique (30-10-2010)\u00a0: Dans un communiqu\u00e9 de presse du 21 octobre 2010, en r\u00e9ponse aux arr\u00eats du Conseil d\u2019\u00c9tat du 19 juillet sur l\u2019ill\u00e9galit\u00e9 flagrante des fichiers BE et BNIE, le minist\u00e8re de l\u2019Education nationale (MEN) continue \u00e0 manipuler les citoyens. Il se flatte de s\u2019\u00eatre \u00abmis [&hellip;]<\/p>\n","protected":false},"author":1,"featured_media":0,"comment_status":"closed","ping_status":"open","sticky":false,"template":"","format":"standard","meta":{"twitterCardType":"","cardImageID":0,"cardImage":"","cardTitle":"","cardDesc":"","cardImageAlt":"","cardPlayer":"","cardPlayerWidth":0,"cardPlayerHeight":0,"cardPlayerStream":"","cardPlayerCodec":"","footnotes":""},"categories":[62],"tags":[56,57,12],"class_list":["post-2653","post","type-post","status-publish","format-standard","hentry","category-le-rouge-le-vert-hebdo","tag-base-eleves","tag-fichage","tag-mobilisations"],"_links":{"self":[{"href":"https:\/\/www.ades-grenoble.org\/wordpress\/wp-json\/wp\/v2\/posts\/2653","targetHints":{"allow":["GET"]}}],"collection":[{"href":"https:\/\/www.ades-grenoble.org\/wordpress\/wp-json\/wp\/v2\/posts"}],"about":[{"href":"https:\/\/www.ades-grenoble.org\/wordpress\/wp-json\/wp\/v2\/types\/post"}],"author":[{"embeddable":true,"href":"https:\/\/www.ades-grenoble.org\/wordpress\/wp-json\/wp\/v2\/users\/1"}],"replies":[{"embeddable":true,"href":"https:\/\/www.ades-grenoble.org\/wordpress\/wp-json\/wp\/v2\/comments?post=2653"}],"version-history":[{"count":4,"href":"https:\/\/www.ades-grenoble.org\/wordpress\/wp-json\/wp\/v2\/posts\/2653\/revisions"}],"predecessor-version":[{"id":2903,"href":"https:\/\/www.ades-grenoble.org\/wordpress\/wp-json\/wp\/v2\/posts\/2653\/revisions\/2903"}],"wp:attachment":[{"href":"https:\/\/www.ades-grenoble.org\/wordpress\/wp-json\/wp\/v2\/media?parent=2653"}],"wp:term":[{"taxonomy":"category","embeddable":true,"href":"https:\/\/www.ades-grenoble.org\/wordpress\/wp-json\/wp\/v2\/categories?post=2653"},{"taxonomy":"post_tag","embeddable":true,"href":"https:\/\/www.ades-grenoble.org\/wordpress\/wp-json\/wp\/v2\/tags?post=2653"}],"curies":[{"name":"wp","href":"https:\/\/api.w.org\/{rel}","templated":true}]}}