{"id":26556,"date":"2026-09-04T10:19:03","date_gmt":"2026-09-04T08:19:03","guid":{"rendered":"https:\/\/www.ades-grenoble.org\/wordpress\/?p=26556"},"modified":"2026-09-04T10:19:03","modified_gmt":"2026-09-04T08:19:03","slug":"diverses-actualites-269","status":"publish","type":"post","link":"https:\/\/www.ades-grenoble.org\/wordpress\/2026\/09\/04\/diverses-actualites-269\/","title":{"rendered":"Diverses actualit\u00e9s"},"content":{"rendered":"<div class=\"wp-block-image\">\n<figure class=\"alignleft size-full\"><img loading=\"lazy\" decoding=\"async\" width=\"400\" height=\"222\" src=\"https:\/\/www.ades-grenoble.org\/wordpress\/wp-content\/uploads\/2020\/11\/crieur.jpg\" alt=\"Crieur public\" class=\"wp-image-18106\" srcset=\"https:\/\/www.ades-grenoble.org\/wordpress\/wp-content\/uploads\/2020\/11\/crieur.jpg 400w, https:\/\/www.ades-grenoble.org\/wordpress\/wp-content\/uploads\/2020\/11\/crieur-150x83.jpg 150w, https:\/\/www.ades-grenoble.org\/wordpress\/wp-content\/uploads\/2020\/11\/crieur-300x167.jpg 300w\" sizes=\"auto, (max-width: 400px) 100vw, 400px\" \/><\/figure>\n<\/div>\n\n\n<p class=\"wp-block-paragraph\"><strong>Rentr\u00e9e 2026-2027, coop\u00e9rer, prot\u00e9ger et inventer pour les \u00e9l\u00e8ves grenoblois-es. <\/strong>L&rsquo;action de la Ville de Grenoble en faveur de l&rsquo;\u00e9ducation des jeunes citoyennes et citoyens de demain r\u00e9pond \u00e0 des enjeux multiples : une coop\u00e9ration renforc\u00e9e de tous les acteurs de l&rsquo;\u00e9ducation, de l&rsquo;Education nationale aux enfants, en passant par les familles, les associations et le personnel \u00e9ducatif ; inventer des actions pour permettre aux \u00e9coles de r\u00e9pondre aux enjeux de demain, que ce soit des travaux sur les b\u00e2timents, les cours, les rues attenantes, l&rsquo;achat de mat\u00e9riel adapt\u00e9, la transition num\u00e9rique ou les conditions de travaux des agent-es municipaux ; prot\u00e9ger les enfants, leur sant\u00e9, leur environnement et la biodiversit\u00e9, permettre aux \u00e9l\u00e8ves d&rsquo;avoir les meilleures chances d\u2019une scolarit\u00e9 r\u00e9ussie et la mieux adapt\u00e9e \u00e0 chaque enfant, mais aussi acc\u00e8s \u00e0 la culture et au sport dans un cadre bienveillant. <a href=\"https:\/\/www.grenoble.fr\/uploads\/Presse\/pse_fichier\/0b\/2318_839_DP-Rentree-scolaire-2026-2027.pdf\" data-type=\"link\" data-id=\"https:\/\/www.grenoble.fr\/uploads\/Presse\/pse_fichier\/0b\/2318_839_DP-Rentree-scolaire-2026-2027.pdf\">Voir le dossier de 17 pages<\/a>.<\/p>\n\n\n\n<hr class=\"wp-block-separator has-alpha-channel-opacity\"\/>\n\n\n\n<p class=\"wp-block-paragraph\"><strong>Logement social : l\u2019\u00c9tat \u00e9tudie des sc\u00e9narios de coupes budg\u00e9taires massives.<\/strong> <a href=\"https:\/\/www.banquedesterritoires.fr\/logement-social-letat-etudie-des-scenarios-de-coupes-budgetaires-massives\" data-type=\"link\" data-id=\"https:\/\/www.banquedesterritoires.fr\/logement-social-letat-etudie-des-scenarios-de-coupes-budgetaires-massives\">Un article de la Banque des territoires<\/a> est inqui\u00e9tant. Vente accrue de HLM, r\u00e9forme des aides et fiscalit\u00e9 des bailleurs : alors que la demande de logements sociaux n\u2019a jamais \u00e9t\u00e9 aussi forte, un rapport de l\u2019inspection g\u00e9n\u00e9rale des finances et de l\u2019inspection g\u00e9n\u00e9rale de l\u2019environnement et du d\u00e9veloppement durable identifie des pistes de r\u00e9forme permettant jusqu\u2019\u00e0 3 milliards d\u2019euros d\u2019\u00e9conomies annuelles sur le secteur. Ces propositions inqui\u00e8tent les acteurs du logement social, qui redoutent un affaiblissement durable de leurs capacit\u00e9s d\u2019investissement au moment m\u00eame o\u00f9 la crise du logement s\u2019aggrave.<\/p>\n\n\n\n<hr class=\"wp-block-separator has-alpha-channel-opacity\"\/>\n\n\n\n<p class=\"wp-block-paragraph\"><strong><a href=\"https:\/\/theconversation.com\/quand-les-medias-sous-informent-et-desinforment-a-propos-de-la-crise-environnementale-289563\" data-type=\"link\" data-id=\"https:\/\/theconversation.com\/quand-les-medias-sous-informent-et-desinforment-a-propos-de-la-crise-environnementale-289563\">Quand les m\u00e9dias sous-informent et d\u00e9sinforment \u00e0 propos de la crise environnementale<\/a>.<\/strong> En 2026, 4\u00a0% des articles de presse \u00e9crite et des sujets audiovisuels concernaient l\u2019environnement. Une proportion mont\u00e9e \u00e0 10\u00a0% au cours de l\u2019\u00e9t\u00e9. Le r\u00e9chauffement climatique peine \u00e0 s\u2019imposer face aux logiques m\u00e9diatiques actuelles\u00a0: info en continu, infotainment, r\u00e9seaux sociaux. La d\u00e9sinformation est \u00e9galement en hausse, notamment sur les cha\u00eenes du groupe Bollor\u00e9 et sur des radios priv\u00e9es.<\/p>\n\n\n\n<!--more-->\n\n\n\n<hr class=\"wp-block-separator has-alpha-channel-opacity\"\/>\n\n\n\n<p class=\"wp-block-paragraph\"><strong><a href=\"https:\/\/theconversation.com\/comment-lagriculture-peut-elle-sadapter-aux-etes-de-plus-en-plus-secs-286702\" data-type=\"link\" data-id=\"https:\/\/theconversation.com\/comment-lagriculture-peut-elle-sadapter-aux-etes-de-plus-en-plus-secs-286702\">Comment l\u2019agriculture peut-elle s\u2019adapter aux \u00e9t\u00e9s de plus en plus secs<\/a><\/strong> ? Alors que la France conna\u00eet, en cet \u00e9t\u00e9 2026, une situation exceptionnelle de s\u00e9cheresse, les cultures agricoles souffrent. Dans le m\u00eame temps, la loi d\u2019urgence agricole, vot\u00e9e au S\u00e9nat le 21 juillet dernier, a ent\u00e9rin\u00e9 le doublement des objectifs de stockage de l\u2019eau \u00e0 usage agricole \u00e0 l\u2019horizon 2035 sous la forme de grandes bassines r\u00e9serv\u00e9es \u00e0 quelques un.es. C\u2019est l\u00e0 tout le paradoxe : avec le changement climatique, les cultures auront de plus en plus besoin d\u2019eau. Mais celle-ci se rar\u00e9fie dans les nappes phr\u00e9atiques, les lacs, les rivi\u00e8res. Alors que faire ? Stocker davantage d\u2019eau dans des retenues est-il le seul levier disponible ? Le type d\u2019agriculture pratiqu\u00e9 et la fa\u00e7on d\u2019irriguer restent des moyens puissants pour limiter la demande en eau et maximiser les usages de cette derni\u00e8re et surtout accessible \u00e0 tous les agriculteur.trices exploitant.es. \u00c9tat des lieux.<\/p>\n\n\n\n<hr class=\"wp-block-separator has-alpha-channel-opacity\"\/>\n\n\n\n<p class=\"wp-block-paragraph\"><strong>La DREAL Auvergne-Rh\u00f4ne-Alpes lance son nouveau portail de donn\u00e9es statistiques.<\/strong> La DREAL Auvergne-Rh\u00f4ne-Alpes officialise le lancement de son nouveau portail web d\u00e9di\u00e9 aux donn\u00e9es statistiques : <a href=\"https:\/\/statistiques.auvergne-rhone-alpes.developpement-durable.gouv.fr\" data-type=\"link\" data-id=\"https:\/\/statistiques.auvergne-rhone-alpes.developpement-durable.gouv.fr\">statistiques.auvergne-rhone-alpes.developpement-durable.gouv.fr<\/a>. Con\u00e7ue pour faciliter l\u2019acc\u00e8s \u00e0 l\u2019information publique, cette plateforme centralise une multitude de donn\u00e9es cl\u00e9s sur le logement, l\u2019am\u00e9nagement, les transports, l\u2019\u00e9nergie ou encore l\u2019environnement \u00e0 l\u2019\u00e9chelle r\u00e9gionale et locale. Que vous soyez un acteur public, un professionnel, un chercheur ou un citoyen, ce nouvel outil intuitif met \u00e0 votre disposition des tableaux de bord, \u00e9tudes et s\u00e9ries temporelles indispensables pour \u00e9clairer la prise de d\u00e9cision et mieux comprendre les enjeux du territoire.<\/p>\n\n\n\n<hr class=\"wp-block-separator has-alpha-channel-opacity\"\/>\n\n\n\n<p class=\"wp-block-paragraph\"><strong>Les ruissellements, un ph\u00e9nom\u00e8ne complexe \u00e0 fort impact sur les territoire<\/strong>s : <a href=\"https:\/\/www.cerema.fr\/fr\/actualites\/ruissellements-phenomene-complexe-fort-impact-territoires\" data-type=\"link\" data-id=\"https:\/\/www.cerema.fr\/fr\/actualites\/ruissellements-phenomene-complexe-fort-impact-territoires\">les travaux du Cerema<\/a>. Dans un contexte d\u2019intensification des \u00e9v\u00e9nements m\u00e9t\u00e9orologiques, d\u2019imperm\u00e9abilisation croissante des territoires et d\u2019augmentation des enjeux expos\u00e9s au cours des derni\u00e8res d\u00e9cennies, les ruissellements sont devenus une probl\u00e9matique majeure pour les collectivit\u00e9s. Le Cerema pr\u00e9sente dans cet article des accompagnements r\u00e9alis\u00e9s aupr\u00e8s de collectivit\u00e9s afin de caract\u00e9riser le ph\u00e9nom\u00e8ne, d&rsquo;identifier les risques et de d\u00e9finir des actions pour r\u00e9duire la vuln\u00e9rabilit\u00e9 des territoires. Le ruissellement peut faire d&rsquo;importants d\u00e9g\u00e2ts dans les territoires expos\u00e9s : le Cerema construit des m\u00e9thodes et des outils pour caract\u00e9riser le risque de ruissellement \u00e0 l&rsquo;\u00e9chelle de grands territoires comme \u00e0 l&rsquo;\u00e9chelle communale.<\/p>\n\n\n\n<hr class=\"wp-block-separator has-alpha-channel-opacity\"\/>\n\n\n\n<p class=\"wp-block-paragraph\"><strong>Rentr\u00e9e scolaire\u202f<\/strong>: des d\u00e9penses qui p\u00e8sent lourd sur le budget des familles. Pour cette rentr\u00e9e 2026\/2027, <a href=\"https:\/\/www.credoc.fr\/publications\/rentree-scolaire-des-depenses-qui-pesent-lourd-sur-le-budget-des-familles\" data-type=\"link\" data-id=\"https:\/\/www.credoc.fr\/publications\/rentree-scolaire-des-depenses-qui-pesent-lourd-sur-le-budget-des-familles\">le CR\u00c9DOC<\/a> a souhait\u00e9 mettre en lumi\u00e8re la mani\u00e8re dont les Fran\u00e7ais anticipent les d\u00e9penses de ce mois particulier gr\u00e2ce \u00e0 des questions pos\u00e9es dans son enqu\u00eate Tendances de Consommation de juillet 2026. Pour plus d\u2019une famille sur deux, septembre est synonyme de d\u00e9penses plus importantes que d\u2019ordinaire ou que l\u2019on ne r\u00e9alise pas le reste de l\u2019ann\u00e9e. La rentr\u00e9e p\u00e8se tout particuli\u00e8rement sur le budget des familles les plus modestes. Ces d\u00e9penses suppl\u00e9mentaires sont avant tout li\u00e9es \u00e0 la rentr\u00e9e scolaire. Fournitures, cartables ou livres scolaires arrivent en t\u00eate, suivis de l\u2019habillement des enfants et des frais de cantine. Dans ce contexte, plus de la moiti\u00e9 des familles pr\u00e9voient de limiter certaines de leurs d\u00e9penses en septembre. Heureusement de nombreuses collectivit\u00e9s territoriales participent \u00e0 l\u2019achat de livres, documents ou fournitures scolaires, mis \u00e0 disposition des \u00e9l\u00e8ves. \u00a0La ville de Grenoble a fait ce choix depuis quelques ann\u00e9es.<\/p>\n\n\n\n<hr class=\"wp-block-separator has-alpha-channel-opacity\"\/>\n\n\n\n<p class=\"wp-block-paragraph\"><strong>Les ZFE renforcent le verdissement du parc automobile et contribuent au recul de ses \u00e9missions polluantes. <\/strong><a href=\"https:\/\/www.ipp.eu\/publication\/les-zfe-renforcent-le-verdissement-du-parc-automobile-et-contribuent-au-recul-de-ses-emissions-polluantes\/\" data-type=\"link\" data-id=\"https:\/\/www.ipp.eu\/publication\/les-zfe-renforcent-le-verdissement-du-parc-automobile-et-contribuent-au-recul-de-ses-emissions-polluantes\/\">Une \u00e9tude de l\u2019Institut des Politiques Publiques<\/a>. La pollution de l\u2019air dans les grandes agglom\u00e9rations, constitue un enjeu majeur de sant\u00e9 publique. Pour r\u00e9duire l\u2019exposition des populations \u00e0 la pollution de l\u2019air, plusieurs grandes villes europ\u00e9ennes ont mis en place des zones \u00e0 faibles \u00e9missions (ZFE), qui limitent l\u2019acc\u00e8s des v\u00e9hicules les plus polluants aux zones les plus denses. En France, les ZFE sont introduites sous forme exp\u00e9rimentale \u00e0 partir de 2017, puis g\u00e9n\u00e9ralis\u00e9es par la loi d\u2019orientation des mobilit\u00e9s en 2019. Elles s\u2019appuient sur la classification Crit\u2019Air, qui attribue \u00e0 chaque v\u00e9hicule une vignette en fonction de son type d\u2019\u00e9nergie et de sa norme Euro. Les v\u00e9hicules les moins bien class\u00e9s font ainsi l\u2019objet d\u2019interdictions de circulation progressives. Cette \u00e9tude estime l\u2019effet agr\u00e9g\u00e9 des neuf ZFE applicables aux voitures particuli\u00e8res mises en place jusqu\u2019en 2023 dans les intercommunalit\u00e9s des grandes m\u00e9tropoles r\u00e9gionales, sur la composition du parc de voitures et les \u00e9missions atmosph\u00e9riques associ\u00e9es.<\/p>\n","protected":false},"excerpt":{"rendered":"<p>Rentr\u00e9e 2026-2027, coop\u00e9rer, prot\u00e9ger et inventer pour les \u00e9l\u00e8ves grenoblois-es. L&rsquo;action de la Ville de Grenoble en faveur de l&rsquo;\u00e9ducation des jeunes citoyennes et citoyens de demain r\u00e9pond \u00e0 des enjeux multiples : une coop\u00e9ration renforc\u00e9e de tous les acteurs de l&rsquo;\u00e9ducation, de l&rsquo;Education nationale aux enfants, en passant par les familles, les associations et [&hellip;]<\/p>\n","protected":false},"author":1,"featured_media":0,"comment_status":"closed","ping_status":"open","sticky":false,"template":"","format":"standard","meta":{"twitterCardType":"","cardImageID":0,"cardImage":"","cardTitle":"","cardDesc":"","cardImageAlt":"","cardPlayer":"","cardPlayerWidth":0,"cardPlayerHeight":0,"cardPlayerStream":"","cardPlayerCodec":"","footnotes":""},"categories":[62,11],"tags":[40,175,66,33],"class_list":["post-26556","post","type-post","status-publish","format-standard","hentry","category-le-rouge-le-vert-hebdo","category-politique-locale","tag-education","tag-environnement","tag-logement","tag-social"],"_links":{"self":[{"href":"https:\/\/www.ades-grenoble.org\/wordpress\/wp-json\/wp\/v2\/posts\/26556","targetHints":{"allow":["GET"]}}],"collection":[{"href":"https:\/\/www.ades-grenoble.org\/wordpress\/wp-json\/wp\/v2\/posts"}],"about":[{"href":"https:\/\/www.ades-grenoble.org\/wordpress\/wp-json\/wp\/v2\/types\/post"}],"author":[{"embeddable":true,"href":"https:\/\/www.ades-grenoble.org\/wordpress\/wp-json\/wp\/v2\/users\/1"}],"replies":[{"embeddable":true,"href":"https:\/\/www.ades-grenoble.org\/wordpress\/wp-json\/wp\/v2\/comments?post=26556"}],"version-history":[{"count":1,"href":"https:\/\/www.ades-grenoble.org\/wordpress\/wp-json\/wp\/v2\/posts\/26556\/revisions"}],"predecessor-version":[{"id":26557,"href":"https:\/\/www.ades-grenoble.org\/wordpress\/wp-json\/wp\/v2\/posts\/26556\/revisions\/26557"}],"wp:attachment":[{"href":"https:\/\/www.ades-grenoble.org\/wordpress\/wp-json\/wp\/v2\/media?parent=26556"}],"wp:term":[{"taxonomy":"category","embeddable":true,"href":"https:\/\/www.ades-grenoble.org\/wordpress\/wp-json\/wp\/v2\/categories?post=26556"},{"taxonomy":"post_tag","embeddable":true,"href":"https:\/\/www.ades-grenoble.org\/wordpress\/wp-json\/wp\/v2\/tags?post=26556"}],"curies":[{"name":"wp","href":"https:\/\/api.w.org\/{rel}","templated":true}]}}