{"id":26560,"date":"2026-09-04T10:19:14","date_gmt":"2026-09-04T08:19:14","guid":{"rendered":"https:\/\/www.ades-grenoble.org\/wordpress\/?p=26560"},"modified":"2026-09-04T10:19:14","modified_gmt":"2026-09-04T08:19:14","slug":"en-coulisses-politiques","status":"publish","type":"post","link":"https:\/\/www.ades-grenoble.org\/wordpress\/2026\/09\/04\/en-coulisses-politiques\/","title":{"rendered":"En coulisses politiques"},"content":{"rendered":"<div class=\"wp-block-image\">\n<figure class=\"alignleft size-full\"><img loading=\"lazy\" decoding=\"async\" width=\"380\" height=\"242\" src=\"https:\/\/www.ades-grenoble.org\/wordpress\/wp-content\/uploads\/2026\/09\/GouvernementBalladur.jpg\" alt=\"\" class=\"wp-image-26561\" srcset=\"https:\/\/www.ades-grenoble.org\/wordpress\/wp-content\/uploads\/2026\/09\/GouvernementBalladur.jpg 380w, https:\/\/www.ades-grenoble.org\/wordpress\/wp-content\/uploads\/2026\/09\/GouvernementBalladur-300x191.jpg 300w, https:\/\/www.ades-grenoble.org\/wordpress\/wp-content\/uploads\/2026\/09\/GouvernementBalladur-150x96.jpg 150w\" sizes=\"auto, (max-width: 380px) 100vw, 380px\" \/><\/figure>\n<\/div>\n\n\n<p class=\"wp-block-paragraph\">Petit rappel concernant le gouvernement Balladur de 1993 \u00e0 1995. Avec <a href=\"https:\/\/www.legifrance.gouv.fr\/jorf\/id\/JORFTEXT000000543393\" data-type=\"link\" data-id=\"https:\/\/www.legifrance.gouv.fr\/jorf\/id\/JORFTEXT000000543393\">30 ministres et ministres d\u00e9l\u00e9gu\u00e9s et seulement 3 femmes<\/a>. ce gouvernement \u00e9tait tr\u00e8s repr\u00e9sentatif de la droite de l\u2019\u00e9poque. Il y a une particularit\u00e9 int\u00e9ressante dans ce gouvernement, c\u2019est que plus de la moiti\u00e9 (16) de ses membres (mais les deux tiers des femmes) ont eu des d\u00e9m\u00eal\u00e9s avec la justice. Sur les 16, seulement 4 hommes ont \u00e9t\u00e9 relax\u00e9s dont Balladur. Certains ont \u00e9t\u00e9 tr\u00e8s lourdement condamn\u00e9s comme Alain Carignon, Fran\u00e7ois Fillon et Nicolas Sarkozy qui n\u2019en a toujours pas fini avec la justice. Fran\u00e7ois Bayrou est en appel concernant le d\u00e9tournement des fonds du Parlement europ\u00e9en par le Modem (r\u00e9mun\u00e9ration des assistants parlementaires).<\/p>\n\n\n\n<!--more-->\n\n\n\n<p class=\"wp-block-paragraph\">Fran\u00e7ois Fillon suspendu de la L\u00e9gion d\u2019honneur et de l\u2019ordre national du M\u00e9rite. Ces suspensions de dix ans d\u00e9coulent de sa condamnation d\u00e9finitive \u00e0 4 ans de prison avec sursis, 375 000\u20ac d\u2019amende et cinq ans d\u2019in\u00e9ligibilit\u00e9. L\u2019ancien Premier ministre Fran\u00e7ois Fillon a \u00e9t\u00e9 suspendu de la L\u00e9gion d\u2019honneur pour une dur\u00e9e de 10 ans, selon un d\u00e9cret pr\u00e9sidentiel publi\u00e9 au Journal officiel, plus d\u2019un an apr\u00e8s sa condamnation dans le dossier des emplois fictifs de son \u00e9pouse Penelope. \u00ab <em>Par d\u00e9cret du Pr\u00e9sident de la R\u00e9publique en date du 19 ao\u00fbt 2026, (&#8230;) M. Fran\u00e7ois Fillon, n\u00e9 le 4 mars 1954 au Mans (Sarthe), est suspendu pour une dur\u00e9e de dix ans (&#8230;) de l\u2019exercice des droits et pr\u00e9rogatives attach\u00e9s \u00e0 sa qualit\u00e9 de grand officier de la L\u00e9gion d\u2019honneur<\/em> \u00bb.<\/p>\n","protected":false},"excerpt":{"rendered":"<p>Petit rappel concernant le gouvernement Balladur de 1993 \u00e0 1995. Avec 30 ministres et ministres d\u00e9l\u00e9gu\u00e9s et seulement 3 femmes. ce gouvernement \u00e9tait tr\u00e8s repr\u00e9sentatif de la droite de l\u2019\u00e9poque. Il y a une particularit\u00e9 int\u00e9ressante dans ce gouvernement, c\u2019est que plus de la moiti\u00e9 (16) de ses membres (mais les deux tiers des femmes) [&hellip;]<\/p>\n","protected":false},"author":1,"featured_media":0,"comment_status":"closed","ping_status":"open","sticky":false,"template":"","format":"standard","meta":{"twitterCardType":"","cardImageID":0,"cardImage":"","cardTitle":"","cardDesc":"","cardImageAlt":"","cardPlayer":"","cardPlayerWidth":0,"cardPlayerHeight":0,"cardPlayerStream":"","cardPlayerCodec":"","footnotes":""},"categories":[62,11],"tags":[109,413,195],"class_list":["post-26560","post","type-post","status-publish","format-standard","hentry","category-le-rouge-le-vert-hebdo","category-politique-locale","tag-droite","tag-gouvernement","tag-histoire"],"_links":{"self":[{"href":"https:\/\/www.ades-grenoble.org\/wordpress\/wp-json\/wp\/v2\/posts\/26560","targetHints":{"allow":["GET"]}}],"collection":[{"href":"https:\/\/www.ades-grenoble.org\/wordpress\/wp-json\/wp\/v2\/posts"}],"about":[{"href":"https:\/\/www.ades-grenoble.org\/wordpress\/wp-json\/wp\/v2\/types\/post"}],"author":[{"embeddable":true,"href":"https:\/\/www.ades-grenoble.org\/wordpress\/wp-json\/wp\/v2\/users\/1"}],"replies":[{"embeddable":true,"href":"https:\/\/www.ades-grenoble.org\/wordpress\/wp-json\/wp\/v2\/comments?post=26560"}],"version-history":[{"count":1,"href":"https:\/\/www.ades-grenoble.org\/wordpress\/wp-json\/wp\/v2\/posts\/26560\/revisions"}],"predecessor-version":[{"id":26562,"href":"https:\/\/www.ades-grenoble.org\/wordpress\/wp-json\/wp\/v2\/posts\/26560\/revisions\/26562"}],"wp:attachment":[{"href":"https:\/\/www.ades-grenoble.org\/wordpress\/wp-json\/wp\/v2\/media?parent=26560"}],"wp:term":[{"taxonomy":"category","embeddable":true,"href":"https:\/\/www.ades-grenoble.org\/wordpress\/wp-json\/wp\/v2\/categories?post=26560"},{"taxonomy":"post_tag","embeddable":true,"href":"https:\/\/www.ades-grenoble.org\/wordpress\/wp-json\/wp\/v2\/tags?post=26560"}],"curies":[{"name":"wp","href":"https:\/\/api.w.org\/{rel}","templated":true}]}}