{"id":26565,"date":"2026-09-04T10:19:25","date_gmt":"2026-09-04T08:19:25","guid":{"rendered":"https:\/\/www.ades-grenoble.org\/wordpress\/?p=26565"},"modified":"2026-09-04T10:19:25","modified_gmt":"2026-09-04T08:19:25","slug":"retrouver-souverainete-habitabilite-et-cohesion-nationale-par-la-transition-ecologique","status":"publish","type":"post","link":"https:\/\/www.ades-grenoble.org\/wordpress\/2026\/09\/04\/retrouver-souverainete-habitabilite-et-cohesion-nationale-par-la-transition-ecologique\/","title":{"rendered":"Retrouver souverainet\u00e9, habitabilit\u00e9 et coh\u00e9sion nationale, par la transition \u00e9cologique"},"content":{"rendered":"<div class=\"wp-block-image\">\n<figure class=\"alignleft size-full\"><img loading=\"lazy\" decoding=\"async\" width=\"380\" height=\"224\" src=\"https:\/\/www.ades-grenoble.org\/wordpress\/wp-content\/uploads\/2026\/09\/HCSP.jpg\" alt=\"\" class=\"wp-image-26566\" srcset=\"https:\/\/www.ades-grenoble.org\/wordpress\/wp-content\/uploads\/2026\/09\/HCSP.jpg 380w, https:\/\/www.ades-grenoble.org\/wordpress\/wp-content\/uploads\/2026\/09\/HCSP-300x177.jpg 300w, https:\/\/www.ades-grenoble.org\/wordpress\/wp-content\/uploads\/2026\/09\/HCSP-150x88.jpg 150w\" sizes=\"auto, (max-width: 380px) 100vw, 380px\" \/><\/figure>\n<\/div>\n\n\n<p class=\"wp-block-paragraph\">C\u2019est le titre d\u2019<a href=\"https:\/\/www.strategie-plan.gouv.fr\/files\/files\/Publications\/2026\/2026-09-02%20-%20Focus%20Environnement\/HCSP-2026-FRANCE%202035-2050_Focus-Environnement.pdf\" data-type=\"link\" data-id=\"https:\/\/www.strategie-plan.gouv.fr\/files\/files\/Publications\/2026\/2026-09-02%20-%20Focus%20Environnement\/HCSP-2026-FRANCE%202035-2050_Focus-Environnement.pdf\">une \u00e9tude du <strong>Haut-commissariat \u00e0 la strat\u00e9gie et au plan (HCSP)<\/strong><\/a> <strong>qui invite \u00e0 agir vite pour s&rsquo;adapter \u00e0 cette nouvelle r\u00e9alit\u00e9 climatique en \u00e9clairant sur les b\u00e9n\u00e9fices que chacun peut en tirer. Il insiste sur le r\u00f4le crucial des collectivit\u00e9s territoriales, moyennant des m\u00e9canismes de financement adapt\u00e9s. En conclusion il propose <\/strong>trois propositions cl\u00e9s pour 2035 et 2050\u00a0:<\/p>\n\n\n\n<ul class=\"wp-block-list\">\n<li>Donner aux collectivit\u00e9s territoriales, et notamment au bloc communal, les moyens de r\u00e9aliser leur transition : d\u00e8s lors que la collectivit\u00e9 aurait produit un plan pluriannuel d\u2019investissement (PPI) permettant une transition cr\u00e9dible, elle aurait acc\u00e8s \u00e0 un endettement additionnel \u00e0 bas taux pour ses infrastructures de transition, voire des ressources propres suppl\u00e9mentaires.<\/li>\n\n\n\n<li>Prioriser la r\u00e9duction des pollutions, pesticides compris, en particulier dans les \u00ab hotspots d\u2019exposition \u00bb (c\u2019est-\u00e0-dire les territoires qui concentrent et cumulent les pollutions et les vuln\u00e9rabilit\u00e9s sociales).<\/li>\n\n\n\n<li>\u00c9largir rapidement la r\u00e9assurance par l\u2019\u00c9tat \u00e0 l\u2019ensemble des risques climatiques, par exemple, selon le sch\u00e9ma dessin\u00e9 par les recommandations du <a href=\"https:\/\/www.strategie-plan.gouv.fr\/publications\/repenser-la-mutualisation-des-risques-climatiques\" data-type=\"link\" data-id=\"https:\/\/www.strategie-plan.gouv.fr\/publications\/repenser-la-mutualisation-des-risques-climatiques\">sc\u00e9nario n \u00b02 du rapport Repenser la mutualisation des risques climatiques du Haut-commissariat \u00e0 la Strat\u00e9gie et au Plan (2025)<\/a>.<\/li>\n<\/ul>\n\n\n\n<!--more-->\n\n\n\n<p class=\"wp-block-paragraph\"><em>\u00ab&nbsp;Conclusion<\/em><\/p>\n\n\n\n<p class=\"wp-block-paragraph\"><em>La transition \u00e9cologique n\u2019est pas seulement un imp\u00e9ratif climatique : elle constitue une condition de souverainet\u00e9, de protection et de coh\u00e9sion nationales. D\u2019ici dix ans, l\u2019enjeu est de desserrer au plus vite nos d\u00e9pendances accumul\u00e9es, et de refaire pr\u00e9valoir, face aux d\u00e9stabilisations environnementales et climatiques, la coh\u00e9sion nationale. D&rsquo;ici \u00e0 2050, il s\u2019agit d\u2019anticiper pour construire une adaptation proactive et structurelle, \u00e0 l\u2019escalade des risques climatiques.<\/em><\/p>\n\n\n\n<p class=\"wp-block-paragraph\"><em>R\u00e9ussir la transition ne consistera donc pas seulement \u00e0 r\u00e9duire les \u00e9missions. Il s\u2019agira de rendre la France viable, vivable et d\u00e9sirable dans un monde durablement r\u00e9chauff\u00e9. Le sc\u00e9nario tendanciel montre le risque de subir, crise apr\u00e8s crise, des transformations brutales ; le sc\u00e9nario souhaitable montre que l\u2019action produira des b\u00e9n\u00e9fices tangibles : souverainet\u00e9 \u00e9nerg\u00e9tique et mati\u00e8re renforc\u00e9es, agriculture plus r\u00e9siliente, territoires mieux adapt\u00e9s, sant\u00e9 mieux prot\u00e9g\u00e9e, biodiversit\u00e9 restaur\u00e9e, coh\u00e9sion sociale consolid\u00e9e. Par ce triptyque \u00ab souverainet\u00e9, habitabilit\u00e9, coh\u00e9sion sociale \u00bb, la transition \u00e9cologique sert la devise r\u00e9publicaine : la souverainet\u00e9 est indispensable \u00e0 notre libert\u00e9 collective ; reb\u00e2tir la coh\u00e9sion sociale mise \u00e0 mal par le d\u00e9r\u00e8glement climatique passe par une nouvelle lecture de l\u2019\u00e9galit\u00e9 ; et l\u2019indispensable combat pour l\u2019habitabilit\u00e9 et la pr\u00e9servation du vivant incarne la fraternit\u00e9.<\/em><\/p>\n\n\n\n<p class=\"wp-block-paragraph\"><em>Cette perspective appelle un changement de paradigme. Nos syst\u00e8mes \u00e9conomiques, sociaux et administratifs ont longtemps \u00e9t\u00e9 pens\u00e9s dans une logique d\u2019optimisation : maximiser la production, r\u00e9duire les co\u00fbts, supprimer les redondances, ajuster les flux. Un monde sous contrainte climatique impose de passer de l\u2019optimisation \u00e0 la robustesse et \u00e0 la r\u00e9silience.<\/em><\/p>\n\n\n\n<p class=\"wp-block-paragraph\"><em>La bonne d\u00e9cision n\u2019est pas toujours la moins co\u00fbteuse \u00e0 court terme, mais celle qui permet au pays de tenir dans l\u2019incertitude, d\u2019absorber les chocs et de pr\u00e9server ses fonctions vitales.<\/em><\/p>\n\n\n\n<p class=\"wp-block-paragraph\"><em>Dans l\u2019\u00e9nergie, la mobilit\u00e9, l\u2019alimentation, l\u2019eau, la sant\u00e9, les infrastructures ou l\u2019am\u00e9nagement du territoire, la redondance cesse d\u2019\u00eatre un gaspillage : elle devient une assurance. Le co\u00fbt de la robustesse doit \u00eatre assum\u00e9 comme le prix de notre continuit\u00e9 collective. La France de 2050 ne devra pas seulement \u00eatre neutre en carbone et adapt\u00e9e : elle devra surtout \u00eatre plus solide, plus juste et plus capable de d\u00e9cider avant que l\u2019urgence ne d\u00e9cide \u00e0 sa place.&nbsp;\u00bb<\/em><\/p>\n","protected":false},"excerpt":{"rendered":"<p>C\u2019est le titre d\u2019une \u00e9tude du Haut-commissariat \u00e0 la strat\u00e9gie et au plan (HCSP) qui invite \u00e0 agir vite pour s&rsquo;adapter \u00e0 cette nouvelle r\u00e9alit\u00e9 climatique en \u00e9clairant sur les b\u00e9n\u00e9fices que chacun peut en tirer. Il insiste sur le r\u00f4le crucial des collectivit\u00e9s territoriales, moyennant des m\u00e9canismes de financement adapt\u00e9s. En conclusion il propose [&hellip;]<\/p>\n","protected":false},"author":1,"featured_media":0,"comment_status":"closed","ping_status":"open","sticky":false,"template":"","format":"standard","meta":{"twitterCardType":"","cardImageID":0,"cardImage":"","cardTitle":"","cardDesc":"","cardImageAlt":"","cardPlayer":"","cardPlayerWidth":0,"cardPlayerHeight":0,"cardPlayerStream":"","cardPlayerCodec":"","footnotes":""},"categories":[62,11],"tags":[153,380],"class_list":["post-26565","post","type-post","status-publish","format-standard","hentry","category-le-rouge-le-vert-hebdo","category-politique-locale","tag-ecologie","tag-transitions"],"_links":{"self":[{"href":"https:\/\/www.ades-grenoble.org\/wordpress\/wp-json\/wp\/v2\/posts\/26565","targetHints":{"allow":["GET"]}}],"collection":[{"href":"https:\/\/www.ades-grenoble.org\/wordpress\/wp-json\/wp\/v2\/posts"}],"about":[{"href":"https:\/\/www.ades-grenoble.org\/wordpress\/wp-json\/wp\/v2\/types\/post"}],"author":[{"embeddable":true,"href":"https:\/\/www.ades-grenoble.org\/wordpress\/wp-json\/wp\/v2\/users\/1"}],"replies":[{"embeddable":true,"href":"https:\/\/www.ades-grenoble.org\/wordpress\/wp-json\/wp\/v2\/comments?post=26565"}],"version-history":[{"count":1,"href":"https:\/\/www.ades-grenoble.org\/wordpress\/wp-json\/wp\/v2\/posts\/26565\/revisions"}],"predecessor-version":[{"id":26567,"href":"https:\/\/www.ades-grenoble.org\/wordpress\/wp-json\/wp\/v2\/posts\/26565\/revisions\/26567"}],"wp:attachment":[{"href":"https:\/\/www.ades-grenoble.org\/wordpress\/wp-json\/wp\/v2\/media?parent=26565"}],"wp:term":[{"taxonomy":"category","embeddable":true,"href":"https:\/\/www.ades-grenoble.org\/wordpress\/wp-json\/wp\/v2\/categories?post=26565"},{"taxonomy":"post_tag","embeddable":true,"href":"https:\/\/www.ades-grenoble.org\/wordpress\/wp-json\/wp\/v2\/tags?post=26565"}],"curies":[{"name":"wp","href":"https:\/\/api.w.org\/{rel}","templated":true}]}}