{"id":26570,"date":"2026-09-04T10:19:37","date_gmt":"2026-09-04T08:19:37","guid":{"rendered":"https:\/\/www.ades-grenoble.org\/wordpress\/?p=26570"},"modified":"2026-09-04T10:19:37","modified_gmt":"2026-09-04T08:19:37","slug":"2-355-enfants-a-la-rue-le-triste-bilan-dune-promesse-non-tenue","status":"publish","type":"post","link":"https:\/\/www.ades-grenoble.org\/wordpress\/2026\/09\/04\/2-355-enfants-a-la-rue-le-triste-bilan-dune-promesse-non-tenue\/","title":{"rendered":"2 355 enfants \u00e0 la rue : le triste bilan d\u2019une promesse non-tenue"},"content":{"rendered":"<div class=\"wp-block-image\">\n<figure class=\"alignleft size-full\"><img loading=\"lazy\" decoding=\"async\" width=\"400\" height=\"200\" src=\"https:\/\/www.ades-grenoble.org\/wordpress\/wp-content\/uploads\/2015\/05\/evacuation-campement.jpg\" alt=\"\" class=\"wp-image-10284\" srcset=\"https:\/\/www.ades-grenoble.org\/wordpress\/wp-content\/uploads\/2015\/05\/evacuation-campement.jpg 400w, https:\/\/www.ades-grenoble.org\/wordpress\/wp-content\/uploads\/2015\/05\/evacuation-campement-150x75.jpg 150w, https:\/\/www.ades-grenoble.org\/wordpress\/wp-content\/uploads\/2015\/05\/evacuation-campement-300x150.jpg 300w\" sizes=\"auto, (max-width: 400px) 100vw, 400px\" \/><\/figure>\n<\/div>\n\n\n<p class=\"wp-block-paragraph\">Aujourd\u2019hui l\u2019Etat n\u2019assume pas et n\u2019assure pas ses responsabilit\u00e9s. Il se d\u00e9fausse sur les collectivit\u00e9s territoriales, qui n\u2019ont pas la comp\u00e9tence \u00e0 elles seules, ni les finances, ni le patrimoine, pour assurer une mise \u00e0 l\u2019abri digne et durable d\u2019un h\u00e9bergement d\u2019urgence, tant contre le froid que durant les p\u00e9riodes de canicules. Il y a bien la loi de r\u00e9quisition de logements vides, mais laquelle n\u2019a \u00e0 ce jour, aucun d\u00e9cret d\u2019application.<\/p>\n\n\n\n<p class=\"wp-block-paragraph\"><a href=\"https:\/\/www.federationsolidarite.org\/campagnes\/barometre-des-enfants-a-la-rue\/\" data-type=\"link\" data-id=\"https:\/\/www.federationsolidarite.org\/campagnes\/barometre-des-enfants-a-la-rue\/\">Un communiqu\u00e9 alarmiste de la F\u00e9d\u00e9ration des acteurs de la solidarit\u00e9 (FAS) et l\u2019UNICEF France du 26 ao\u00fbt 2026<\/a> qui accompagne le barom\u00e8tre des enfants \u00e0 la rue.<\/p>\n\n\n\n<p class=\"wp-block-paragraph\">Lors de ses v\u0153ux du 31 d\u00e9cembre 2017, Emmanuel Macron d\u00e9clarait vouloir \u00ab <em>apporter un toit \u00e0 toutes celles et ceux qui sont sans abri<\/em> \u00bb. En 2022, son gouvernement renouvelait cet engagement avec l\u2019objectif de \u00ab <em>z\u00e9ro enfant \u00e0 la rue<\/em> \u00bb.<\/p>\n\n\n\n<!--more-->\n\n\n<div class=\"wp-block-image\">\n<figure class=\"aligncenter size-full\"><img loading=\"lazy\" decoding=\"async\" width=\"800\" height=\"446\" src=\"https:\/\/www.ades-grenoble.org\/wordpress\/wp-content\/uploads\/2026\/09\/Hebergement-enfance.jpg\" alt=\"\" class=\"wp-image-26574\" srcset=\"https:\/\/www.ades-grenoble.org\/wordpress\/wp-content\/uploads\/2026\/09\/Hebergement-enfance.jpg 800w, https:\/\/www.ades-grenoble.org\/wordpress\/wp-content\/uploads\/2026\/09\/Hebergement-enfance-300x167.jpg 300w, https:\/\/www.ades-grenoble.org\/wordpress\/wp-content\/uploads\/2026\/09\/Hebergement-enfance-150x84.jpg 150w, https:\/\/www.ades-grenoble.org\/wordpress\/wp-content\/uploads\/2026\/09\/Hebergement-enfance-768x428.jpg 768w, https:\/\/www.ades-grenoble.org\/wordpress\/wp-content\/uploads\/2026\/09\/Hebergement-enfance-600x335.jpg 600w\" sizes=\"auto, (max-width: 800px) 100vw, 800px\" \/><\/figure>\n<\/div>\n\n\n<p class=\"wp-block-paragraph\">Depuis, ann\u00e9e apr\u00e8s ann\u00e9e, la F\u00e9d\u00e9ration des acteurs de la solidarit\u00e9 (FAS) et l\u2019UNICEF France, documentent une r\u00e9alit\u00e9 inverse : le nombre d\u2019enfants sans solution d\u2019h\u00e9bergement ou de logement ne cesse d\u2019augmenter. \u00c0 la veille de la rentr\u00e9e scolaire 2026, au moins 2 355 enfants, dont 514 de moins de 3 ans, sont rest\u00e9s sans solution apr\u00e8s un appel au 115. Cela repr\u00e9sente une hausse de 9 % par rapport \u00e0 2025 et de 42 % depuis 2022.<\/p>\n\n\n\n<p class=\"wp-block-paragraph\">Ces chiffres ne sont pas exhaustifs : de nombreuses personnes ne parviennent pas \u00e0 joindre le 115 ou renoncent \u00e0 appeler. Les mineurs non accompagn\u00e9s sans abri ainsi que les familles en squats ou bidonvilles, ne sont pas comptabilis\u00e9s.<\/p>\n\n\n\n<p class=\"wp-block-paragraph\"><em>\u00ab Derri\u00e8re ce chiffre, cons\u00e9quence d\u2019un \u00e9chec collectif, il y a des enfants dont le quotidien est rythm\u00e9 par l\u2019ins\u00e9curit\u00e9 et l\u2019instabilit\u00e9. Des enfants priv\u00e9s de leurs droits et dont on hypoth\u00e8que l\u2019avenir. Il est urgent que les d\u00e9cideurs publics agissent. Un sursaut politique est vital pour ces enfants. Si garantir un toit \u00e0 tous les enfants n\u2019est pas notre priorit\u00e9, qu\u2019est-ce qui l\u2019est ?<\/em> \u00bb interpelle Adeline Hazan, pr\u00e9sidente de l\u2019UNICEF France.<\/p>\n\n\n\n<p class=\"wp-block-paragraph\">Les cons\u00e9quences du sans-abrisme sur la vie et le bien-\u00eatre des enfants (et des adultes) sont dramatiques : d\u00e9gradation de leur sant\u00e9 physique et mentale, isolement social, exposition \u00e0 la violence, difficult\u00e9s de scolarisation. Certains le paient m\u00eame de leur vie : en 2025, 14 enfants de moins de 4 ans et 12 adolescents entre 15 et 18 ans sont morts de la rue (d\u00e9compte annuel 2025 du collectif Les morts de la rue).<\/p>\n\n\n\n<p class=\"wp-block-paragraph\">&nbsp;\u00ab <em>Z\u00e9ro enfant \u00e0 la rue<\/em> \u00bb, une promesse inatteignable ?<\/p>\n\n\n\n<p class=\"wp-block-paragraph\">La promesse de mettre fin au sans-abrisme n\u2019est pas r\u00e9cente. \u00c0 chaque \u00e9ch\u00e9ance \u00e9lectorale, elle est renouvel\u00e9e sans jamais \u00eatre atteinte.<\/p>\n\n\n\n<p class=\"wp-block-paragraph\">Faut-il y voir des promesses intenables ? La FAS et l\u2019UNICEF France ne s\u2019y r\u00e9solvent pas. Chaque ann\u00e9e, nos organisations rappellent qu\u2019il n\u2019existe aucune fatalit\u00e9 au sans-abrisme des enfants. Ce dernier r\u00e9sulte d\u2019un manque de volont\u00e9 politique et de choix court-termisme, en contradiction avec les objectifs affich\u00e9s. D\u2019autres solutions existent. La F\u00e9d\u00e9ration des acteurs de la solidarit\u00e9 et l\u2019UNICEF France recommandent la mise en \u0153uvre d\u2019une programmation pluriannuelle <em>\u00ab de la rue au logement <\/em>\u00bb, avec un plan massif de production de logements sociaux et tr\u00e8s sociaux, indispensable pour sortir durablement les enfants de la rue.<\/p>\n\n\n\n<p class=\"wp-block-paragraph\">\u00ab <em>Des enfants naissent, vivent et meurent dans les rues de nos villes, et rien ne se passe. Chaque ann\u00e9e, nous alertons les pouvoirs publics sur l\u2019aggravation du sans-abrisme des enfants. Chaque ann\u00e9e, nous proposons des solutions concr\u00e8tes pour y mettre fin. Chaque ann\u00e9e pourtant, le constat s\u2019aggrave. \u00c0 quand le r\u00e9veil ?<\/em> \u00bb \u2013 Pascal Brice, pr\u00e9sident de la F\u00e9d\u00e9ration des acteurs de la solidarit\u00e9.<\/p>\n\n\n\n<p class=\"wp-block-paragraph\">Le prochain quinquennat doit \u00eatre \u00e0 la hauteur de l\u2019urgence&nbsp;! Cette 8e \u00e9dition du barom\u00e8tre s\u2019inscrit dans un moment charni\u00e8re : \u00e0 l\u2019approche de l\u2019\u00e9lection pr\u00e9sidentielle de 2027, le sans-abrisme des enfants ne peut plus \u00eatre tol\u00e9r\u00e9. Il doit devenir une priorit\u00e9 absolue des politiques du logement et de l\u2019h\u00e9bergement. Les candidates et candidats portent une responsabilit\u00e9 claire dans la visibilit\u00e9 et la prise en compte essentielles de ces enjeux. Nos organisations y seront attentives.<\/p>\n","protected":false},"excerpt":{"rendered":"<p>Aujourd\u2019hui l\u2019Etat n\u2019assume pas et n\u2019assure pas ses responsabilit\u00e9s. Il se d\u00e9fausse sur les collectivit\u00e9s territoriales, qui n\u2019ont pas la comp\u00e9tence \u00e0 elles seules, ni les finances, ni le patrimoine, pour assurer une mise \u00e0 l\u2019abri digne et durable d\u2019un h\u00e9bergement d\u2019urgence, tant contre le froid que durant les p\u00e9riodes de canicules. Il y a [&hellip;]<\/p>\n","protected":false},"author":1,"featured_media":0,"comment_status":"closed","ping_status":"open","sticky":false,"template":"","format":"standard","meta":{"twitterCardType":"","cardImageID":0,"cardImage":"","cardTitle":"","cardDesc":"","cardImageAlt":"","cardPlayer":"","cardPlayerWidth":0,"cardPlayerHeight":0,"cardPlayerStream":"","cardPlayerCodec":"","footnotes":""},"categories":[62,11],"tags":[361,196,209],"class_list":["post-26570","post","type-post","status-publish","format-standard","hentry","category-le-rouge-le-vert-hebdo","category-politique-locale","tag-enfance","tag-etat","tag-hebergement"],"_links":{"self":[{"href":"https:\/\/www.ades-grenoble.org\/wordpress\/wp-json\/wp\/v2\/posts\/26570","targetHints":{"allow":["GET"]}}],"collection":[{"href":"https:\/\/www.ades-grenoble.org\/wordpress\/wp-json\/wp\/v2\/posts"}],"about":[{"href":"https:\/\/www.ades-grenoble.org\/wordpress\/wp-json\/wp\/v2\/types\/post"}],"author":[{"embeddable":true,"href":"https:\/\/www.ades-grenoble.org\/wordpress\/wp-json\/wp\/v2\/users\/1"}],"replies":[{"embeddable":true,"href":"https:\/\/www.ades-grenoble.org\/wordpress\/wp-json\/wp\/v2\/comments?post=26570"}],"version-history":[{"count":2,"href":"https:\/\/www.ades-grenoble.org\/wordpress\/wp-json\/wp\/v2\/posts\/26570\/revisions"}],"predecessor-version":[{"id":26575,"href":"https:\/\/www.ades-grenoble.org\/wordpress\/wp-json\/wp\/v2\/posts\/26570\/revisions\/26575"}],"wp:attachment":[{"href":"https:\/\/www.ades-grenoble.org\/wordpress\/wp-json\/wp\/v2\/media?parent=26570"}],"wp:term":[{"taxonomy":"category","embeddable":true,"href":"https:\/\/www.ades-grenoble.org\/wordpress\/wp-json\/wp\/v2\/categories?post=26570"},{"taxonomy":"post_tag","embeddable":true,"href":"https:\/\/www.ades-grenoble.org\/wordpress\/wp-json\/wp\/v2\/tags?post=26570"}],"curies":[{"name":"wp","href":"https:\/\/api.w.org\/{rel}","templated":true}]}}