{"id":26576,"date":"2026-09-04T10:19:42","date_gmt":"2026-09-04T08:19:42","guid":{"rendered":"https:\/\/www.ades-grenoble.org\/wordpress\/?p=26576"},"modified":"2026-09-04T10:19:42","modified_gmt":"2026-09-04T08:19:42","slug":"grenoble-et-ses-rivieres-vers-des-baignades-possibles-et-desirables","status":"publish","type":"post","link":"https:\/\/www.ades-grenoble.org\/wordpress\/2026\/09\/04\/grenoble-et-ses-rivieres-vers-des-baignades-possibles-et-desirables\/","title":{"rendered":"Grenoble et ses rivi\u00e8res, vers des baignades possibles et d\u00e9sirables"},"content":{"rendered":"<div class=\"wp-block-image\">\n<figure class=\"alignleft size-full\"><img loading=\"lazy\" decoding=\"async\" width=\"380\" height=\"280\" src=\"https:\/\/www.ades-grenoble.org\/wordpress\/wp-content\/uploads\/2026\/09\/Grenoble-baignades.jpg\" alt=\"\" class=\"wp-image-26577\" srcset=\"https:\/\/www.ades-grenoble.org\/wordpress\/wp-content\/uploads\/2026\/09\/Grenoble-baignades.jpg 380w, https:\/\/www.ades-grenoble.org\/wordpress\/wp-content\/uploads\/2026\/09\/Grenoble-baignades-300x221.jpg 300w, https:\/\/www.ades-grenoble.org\/wordpress\/wp-content\/uploads\/2026\/09\/Grenoble-baignades-150x111.jpg 150w\" sizes=\"auto, (max-width: 380px) 100vw, 380px\" \/><\/figure>\n<\/div>\n\n\n<p class=\"wp-block-paragraph\">Et si la rivi\u00e8re devenait un lieu de fra\u00eecheur en \u00e9t\u00e9 ? <a href=\"https:\/\/www.calameo.com\/read\/004190376dfb72a6b550f\">Une \u00e9tude rendue publique le 10 juillet 2025<\/a>, s\u2019est pench\u00e9e sur les possibilit\u00e9s de baignade, entre envies, avantages et pr\u00e9cautions \u00e0 prendre. C\u2019est utile de la lire avant d\u2019aller se baigner prochainement (esp\u00e9rons le 12 septembre).<\/p>\n\n\n\n<p class=\"wp-block-paragraph\">Le changement climatique affecte Grenoble avec des pics de temp\u00e9ratures estivales de plus en plus nombreux. Cette \u00e9volution renforce l\u2019int\u00e9r\u00eat pour les espaces de fra\u00eecheur et pose la question des usages possibles des rivi\u00e8res urbaines.<\/p>\n\n\n\n<p class=\"wp-block-paragraph\">Pour l\u2019Is\u00e8re, l\u2019\u00e9tude explore si elle peut repr\u00e9senter un potentiel pour apporter un peu de fra\u00eecheur aux habitant-es. Elle examine aussi quels sont les avantages et conditions des baignades urbaines, et ce qui est mis en place ailleurs.<\/p>\n\n\n\n<!--more-->\n\n\n\n<p class=\"wp-block-paragraph\">L\u2019\u00e9tude intitul\u00e9e \u00ab Grenoble et ses rivi\u00e8res, vers des baignades possibles et d\u00e9sirables \u00bb, r\u00e9alis\u00e9e par l\u2019urbaniste \u00c9lise Lemercier (Ateliers D\u00e9concertants), de 79 pages, a \u00e9t\u00e9 conduite \u00e0 travers :<\/p>\n\n\n\n<ul class=\"wp-block-list\">\n<li>l\u2019observation des usages actuels : promenades, p\u00eache, pique-niques, pratiques sportives sur les berges ;<\/li>\n\n\n\n<li>des enqu\u00eates et ateliers : habitant-es, associations, nageur-euses en eau libre et technicien-nes ont \u00e9t\u00e9 consult\u00e9-es ;<\/li>\n\n\n\n<li>l\u2019analyse d\u2019autres villes : Paris, Zurich ou encore Lyon, o\u00f9 des baignades urbaines sont \u00e9tudi\u00e9es ou autoris\u00e9es ;<\/li>\n\n\n\n<li>des entretiens avec des expert-es (hydrologie, sant\u00e9 publique, \u00e9cologie, urbanisme) pour comprendre les conditions de faisabilit\u00e9.<\/li>\n<\/ul>\n\n\n\n<p class=\"wp-block-paragraph\">Les conditions identifi\u00e9es pour une Is\u00e8re baignable.<\/p>\n\n\n\n<p class=\"wp-block-paragraph\">L\u2019\u00e9tude met en lumi\u00e8re plusieurs \u00e9l\u00e9ments importants :<\/p>\n\n\n\n<ul class=\"wp-block-list\">\n<li>Qualit\u00e9 de l\u2019eau : variable selon les p\u00e9riodes, n\u00e9cessitant des contr\u00f4les r\u00e9guliers<\/li>\n\n\n\n<li>S\u00e9curit\u00e9 : courants importants, seuls certains secteurs calmes seraient envisageables ;<\/li>\n\n\n\n<li>Repr\u00e9sentations sociales : h\u00e9ritage industriel et accidents pass\u00e9s nourrissent la perception d\u2019une eau dangereuse ;<\/li>\n\n\n\n<li>Accessibilit\u00e9 : berges parfois peu adapt\u00e9es \u00e0 des usages r\u00e9cr\u00e9atifs.<\/li>\n<\/ul>\n\n\n\n<p class=\"wp-block-paragraph\">L\u2019\u00e9tude mentionne \u00e9galement, \u00e0 partir d\u2019exemples observ\u00e9s ailleurs, des aspects li\u00e9s \u00e0 la s\u00e9curit\u00e9 et \u00e0 la qualit\u00e9 de l\u2019eau, \u00e0 l\u2019accessibilit\u00e9 des berges, au suivi sanitaire, \u00e0 la sensibilisation des publics et \u00e0 l\u2019implication des habitant-es dans la r\u00e9flexion.<\/p>\n\n\n\n<p class=\"wp-block-paragraph\">Suite \u00e0 l\u2019impossibilit\u00e9 de la baignade dans l\u2019Is\u00e8re le 30 ao\u00fbt, Les railleries issues de Grenoble le changement, sont comme d\u2019habitude malveillantes et assez stupides et mal venues pour toutes celles et ceux qui ont et auront besoin d\u2019espaces de baignades durant les \u00e9t\u00e9s \u00e0 venir. Mais n\u2019\u00e9taient-ce pas les m\u00eames qui ont ni\u00e9 le r\u00e9chauffement climatique durant des ann\u00e9es et aussi insulter les \u00e9cologistes qui ont indiqu\u00e9 ce risque depuis quelques d\u00e9cennies&nbsp;?\u2026<\/p>\n\n\n\n<p class=\"wp-block-paragraph\">Dommage&nbsp;! &nbsp;Les pr\u00e9visions des \u00e9cologistes, des chercheurs, des climatologues, etc. s\u2019av\u00e8rent trop et tristement justes pour nos concitoyens. Alors heureusement, aujourd\u2019hui, la majorit\u00e9 de Grenoble souhaite rechercher et apporter des solutions accessibles \u00e0 toute la population, surtout pour celles et ceux qui ne quittent pas Grenoble durant l\u2019\u00e9t\u00e9.<\/p>\n","protected":false},"excerpt":{"rendered":"<p>Et si la rivi\u00e8re devenait un lieu de fra\u00eecheur en \u00e9t\u00e9 ? Une \u00e9tude rendue publique le 10 juillet 2025, s\u2019est pench\u00e9e sur les possibilit\u00e9s de baignade, entre envies, avantages et pr\u00e9cautions \u00e0 prendre. C\u2019est utile de la lire avant d\u2019aller se baigner prochainement (esp\u00e9rons le 12 septembre). Le changement climatique affecte Grenoble avec des [&hellip;]<\/p>\n","protected":false},"author":1,"featured_media":0,"comment_status":"closed","ping_status":"open","sticky":false,"template":"","format":"standard","meta":{"twitterCardType":"","cardImageID":0,"cardImage":"","cardTitle":"","cardDesc":"","cardImageAlt":"","cardPlayer":"","cardPlayerWidth":0,"cardPlayerHeight":0,"cardPlayerStream":"","cardPlayerCodec":"","footnotes":""},"categories":[62,11],"tags":[223,232,215],"class_list":["post-26576","post","type-post","status-publish","format-standard","hentry","category-le-rouge-le-vert-hebdo","category-politique-locale","tag-climat","tag-eau","tag-grenoble"],"_links":{"self":[{"href":"https:\/\/www.ades-grenoble.org\/wordpress\/wp-json\/wp\/v2\/posts\/26576","targetHints":{"allow":["GET"]}}],"collection":[{"href":"https:\/\/www.ades-grenoble.org\/wordpress\/wp-json\/wp\/v2\/posts"}],"about":[{"href":"https:\/\/www.ades-grenoble.org\/wordpress\/wp-json\/wp\/v2\/types\/post"}],"author":[{"embeddable":true,"href":"https:\/\/www.ades-grenoble.org\/wordpress\/wp-json\/wp\/v2\/users\/1"}],"replies":[{"embeddable":true,"href":"https:\/\/www.ades-grenoble.org\/wordpress\/wp-json\/wp\/v2\/comments?post=26576"}],"version-history":[{"count":1,"href":"https:\/\/www.ades-grenoble.org\/wordpress\/wp-json\/wp\/v2\/posts\/26576\/revisions"}],"predecessor-version":[{"id":26578,"href":"https:\/\/www.ades-grenoble.org\/wordpress\/wp-json\/wp\/v2\/posts\/26576\/revisions\/26578"}],"wp:attachment":[{"href":"https:\/\/www.ades-grenoble.org\/wordpress\/wp-json\/wp\/v2\/media?parent=26576"}],"wp:term":[{"taxonomy":"category","embeddable":true,"href":"https:\/\/www.ades-grenoble.org\/wordpress\/wp-json\/wp\/v2\/categories?post=26576"},{"taxonomy":"post_tag","embeddable":true,"href":"https:\/\/www.ades-grenoble.org\/wordpress\/wp-json\/wp\/v2\/tags?post=26576"}],"curies":[{"name":"wp","href":"https:\/\/api.w.org\/{rel}","templated":true}]}}