{"id":26581,"date":"2026-09-04T10:19:52","date_gmt":"2026-09-04T08:19:52","guid":{"rendered":"https:\/\/www.ades-grenoble.org\/wordpress\/?p=26581"},"modified":"2026-09-04T10:19:52","modified_gmt":"2026-09-04T08:19:52","slug":"attention-a-la-recession-pas-dausterite-dans-les-budgets-publics","status":"publish","type":"post","link":"https:\/\/www.ades-grenoble.org\/wordpress\/2026\/09\/04\/attention-a-la-recession-pas-dausterite-dans-les-budgets-publics\/","title":{"rendered":"Attention \u00e0 la r\u00e9cession, pas d\u2019aust\u00e9rit\u00e9 dans les budgets publics"},"content":{"rendered":"<div class=\"wp-block-image\">\n<figure class=\"alignleft size-full\"><img loading=\"lazy\" decoding=\"async\" width=\"293\" height=\"258\" src=\"https:\/\/www.ades-grenoble.org\/wordpress\/wp-content\/uploads\/2017\/04\/Logo-Ades-web.jpg\" alt=\"\" class=\"wp-image-12873\" srcset=\"https:\/\/www.ades-grenoble.org\/wordpress\/wp-content\/uploads\/2017\/04\/Logo-Ades-web.jpg 293w, https:\/\/www.ades-grenoble.org\/wordpress\/wp-content\/uploads\/2017\/04\/Logo-Ades-web-150x132.jpg 150w\" sizes=\"auto, (max-width: 293px) 100vw, 293px\" \/><\/figure>\n<\/div>\n\n\n<p class=\"wp-block-paragraph\">Les donn\u00e9es macro\u00e9conomiques sont mauvaises pour la France, l\u2019inflation augmente ainsi que le ch\u00f4mage, la consommation stagne et l\u2019\u00e9volution du PIB se d\u00e9t\u00e9riore rapidement. Au m\u00eame moment les budgets publics de l\u2019Etat et des collectivit\u00e9s locales se pr\u00e9parent en appuyant sur les freins, que ce soit dans les budgets de fonctionnement et dans les budgets d\u2019investissement, rien de tel pour alimenter la r\u00e9cession. Aux derni\u00e8res nouvelles le gouvernement voudrait imposer un nouvel effort aux collectivit\u00e9s de 6 \u00e0 7 milliards d\u2019euros, pour atteindre au total environ 30 milliards d\u2019\u00e9conomies pour l\u2019Etat.<\/p>\n\n\n\n<p class=\"wp-block-paragraph\">L\u2019acc\u00e9l\u00e9ration de l\u2019impact du changement climatique exigerait une action budg\u00e9taire forte pour pr\u00e9parer un avenir vivable dans le pays.<\/p>\n\n\n\n<p class=\"wp-block-paragraph\">Vu la pr\u00e9paration de l\u2019\u00e9lection pr\u00e9sidentielle, il ne semble pas raisonnable de penser que l\u2019Assembl\u00e9e nationale puisse trouver un accord pour un budget de relance \u00e9conomique et sociale\u2026 l\u2019immobilisme semble le plus probable (adoption d\u2019une loi sp\u00e9ciale ou adoption par ordonnance).<\/p>\n\n\n\n<!--more-->\n\n\n\n<p class=\"wp-block-paragraph\">Et comme ce sont les collectivit\u00e9s locales qui sont le moteur de l\u2019investissement public, soit elles ralentissent leurs d\u00e9penses et amplifient la d\u00e9prime \u00e9conomique, soit elles r\u00e9sistent.<\/p>\n\n\n\n<p class=\"wp-block-paragraph\">Une r\u00e9cession ou m\u00eame une simple stagnation impacte davantage les plus d\u00e9muni.es. C\u2019est pourquoi il s\u2019av\u00e8re indispensable de ne pas \u00ab&nbsp;sacrifier&nbsp;\u00bb les politiques sociales. Il est tout aussi essentiel que l\u2019Etat et les collectivit\u00e9s publiques n\u2019oublient pas de mobiliser de nouvelles recettes, pour \u00e9viter un financement des politiques publiques essentielles par de la dette.<\/p>\n\n\n\n<p class=\"wp-block-paragraph\">La Ville de Grenoble et d\u2019autres communes l\u2019ont fait pr\u00e9c\u00e9demment en utilisant le levier fiscal qui leur permet d\u2019affronter le budget 2027 dans une situation financi\u00e8re moins tendue. A Grenoble il faut repenser le plan pluriannuel d\u2019investissement pour mieux l\u2019adapter \u00e0 la p\u00e9riode.<\/p>\n\n\n\n<p class=\"wp-block-paragraph\">La m\u00e9tropole grenobloise va boucler son budget 2026 dans la douleur, en raison de d\u00e9cisions n\u00e9fastes de ce gouvernement dans la loi de finances 2026. &nbsp;Cette aust\u00e9rit\u00e9 budg\u00e9taire risque de se prolonger pour le budget 2027. La M\u00e9tro a l\u2019avantage de ne pas avoir mobilis\u00e9 les imp\u00f4ts locaux depuis des ann\u00e9es (\u00e0 part derni\u00e8rement de mani\u00e8re tr\u00e8s contr\u00f4l\u00e9e la TEOM pour financer les investissements essentiels de l\u2019usine d\u2019incin\u00e9ration des d\u00e9chets).<\/p>\n\n\n\n<p class=\"wp-block-paragraph\">Comme son taux de taxe fonci\u00e8re est parmi le plus faible de toutes les m\u00e9tropoles, n\u2019est-ce pas le moment de l\u2019activer pour desserrer les contraintes qui p\u00e8sent sur son budget. Ne pas le faire c\u2019est accepter l\u2019aust\u00e9rit\u00e9 impos\u00e9e par le gouvernement. En raison de ses comp\u00e9tences sur le territoire, c\u2019est la M\u00e9tro, qui doit piloter les investissements les plus pertinents pour s\u2019adapter au changement climatique.<\/p>\n\n\n\n<p class=\"wp-block-paragraph\">Evidemment tout cela serait plus facile si une profonde r\u00e9forme de la fiscalit\u00e9 locale \u00e9tait mise en \u0153uvre, avec une nouvelle taxe d\u2019habitation li\u00e9e au revenu des m\u00e9nages et une refonte des valeurs locatives pour le calcul de la taxe fonci\u00e8re qui correspondrait au loyer r\u00e9el de chaque quartier, ce qui \u00e9tait pr\u00e9vu mais toujours laiss\u00e9e de c\u00f4t\u00e9 pour l\u2019instant.<\/p>\n\n\n\n<p class=\"wp-block-paragraph\">Pour le SMMAG, il doit se mobiliser pour demander aux parlementaires dans la future loi de finances 2027, comme le fait France urbaine et la M\u00e9tro, de supprimer le blocage \u00e0 2% du versement mobilit\u00e9, comme la loi l\u2019autorise en<s><sub> <\/sub><\/s>Ile de France pour la RATP. Voir l\u2019article suivant : <em>\u00ab Versement mobilit\u00e9 : France urbaine demande un rel\u00e8vement du plafond \u00bb<\/em><\/p>\n","protected":false},"excerpt":{"rendered":"<p>Les donn\u00e9es macro\u00e9conomiques sont mauvaises pour la France, l\u2019inflation augmente ainsi que le ch\u00f4mage, la consommation stagne et l\u2019\u00e9volution du PIB se d\u00e9t\u00e9riore rapidement. Au m\u00eame moment les budgets publics de l\u2019Etat et des collectivit\u00e9s locales se pr\u00e9parent en appuyant sur les freins, que ce soit dans les budgets de fonctionnement et dans les budgets [&hellip;]<\/p>\n","protected":false},"author":1,"featured_media":0,"comment_status":"closed","ping_status":"open","sticky":false,"template":"","format":"standard","meta":{"twitterCardType":"","cardImageID":0,"cardImage":"","cardTitle":"","cardDesc":"","cardImageAlt":"","cardPlayer":"","cardPlayerWidth":0,"cardPlayerHeight":0,"cardPlayerStream":"","cardPlayerCodec":"","footnotes":""},"categories":[62,11],"tags":[270,226,196],"class_list":["post-26581","post","type-post","status-publish","format-standard","hentry","category-le-rouge-le-vert-hebdo","category-politique-locale","tag-budget","tag-collectivites","tag-etat"],"_links":{"self":[{"href":"https:\/\/www.ades-grenoble.org\/wordpress\/wp-json\/wp\/v2\/posts\/26581","targetHints":{"allow":["GET"]}}],"collection":[{"href":"https:\/\/www.ades-grenoble.org\/wordpress\/wp-json\/wp\/v2\/posts"}],"about":[{"href":"https:\/\/www.ades-grenoble.org\/wordpress\/wp-json\/wp\/v2\/types\/post"}],"author":[{"embeddable":true,"href":"https:\/\/www.ades-grenoble.org\/wordpress\/wp-json\/wp\/v2\/users\/1"}],"replies":[{"embeddable":true,"href":"https:\/\/www.ades-grenoble.org\/wordpress\/wp-json\/wp\/v2\/comments?post=26581"}],"version-history":[{"count":2,"href":"https:\/\/www.ades-grenoble.org\/wordpress\/wp-json\/wp\/v2\/posts\/26581\/revisions"}],"predecessor-version":[{"id":26583,"href":"https:\/\/www.ades-grenoble.org\/wordpress\/wp-json\/wp\/v2\/posts\/26581\/revisions\/26583"}],"wp:attachment":[{"href":"https:\/\/www.ades-grenoble.org\/wordpress\/wp-json\/wp\/v2\/media?parent=26581"}],"wp:term":[{"taxonomy":"category","embeddable":true,"href":"https:\/\/www.ades-grenoble.org\/wordpress\/wp-json\/wp\/v2\/categories?post=26581"},{"taxonomy":"post_tag","embeddable":true,"href":"https:\/\/www.ades-grenoble.org\/wordpress\/wp-json\/wp\/v2\/tags?post=26581"}],"curies":[{"name":"wp","href":"https:\/\/api.w.org\/{rel}","templated":true}]}}