{"id":26584,"date":"2026-09-04T10:19:57","date_gmt":"2026-09-04T08:19:57","guid":{"rendered":"https:\/\/www.ades-grenoble.org\/wordpress\/?p=26584"},"modified":"2026-09-04T10:20:31","modified_gmt":"2026-09-04T08:20:31","slug":"agenda-339","status":"publish","type":"post","link":"https:\/\/www.ades-grenoble.org\/wordpress\/2026\/09\/04\/agenda-339\/","title":{"rendered":"Agenda"},"content":{"rendered":"<div class=\"wp-block-image\">\n<figure class=\"alignleft size-full\"><img loading=\"lazy\" decoding=\"async\" width=\"380\" height=\"219\" src=\"https:\/\/www.ades-grenoble.org\/wordpress\/wp-content\/uploads\/2026\/09\/FeteBastille-1.jpg\" alt=\"\" class=\"wp-image-26586\" srcset=\"https:\/\/www.ades-grenoble.org\/wordpress\/wp-content\/uploads\/2026\/09\/FeteBastille-1.jpg 380w, https:\/\/www.ades-grenoble.org\/wordpress\/wp-content\/uploads\/2026\/09\/FeteBastille-1-300x173.jpg 300w, https:\/\/www.ades-grenoble.org\/wordpress\/wp-content\/uploads\/2026\/09\/FeteBastille-1-150x86.jpg 150w\" sizes=\"auto, (max-width: 380px) 100vw, 380px\" \/><\/figure>\n<\/div>\n\n\n<p class=\"wp-block-paragraph\"><strong>Vendredi 4 septembre 2026, <a href=\"https:\/\/bastille-grenoble.fr\/event\/fete-de-la-bastille-le-vendredi-4-septembre-2026\/\" data-type=\"link\" data-id=\"https:\/\/bastille-grenoble.fr\/event\/fete-de-la-bastille-le-vendredi-4-septembre-2026\/\">f\u00eate de la Bastille<\/a><\/strong> \u00e0 partir de 18 h Place Tournadre &#8211; Fort de la Bastille <\/p>\n\n\n\n<hr class=\"wp-block-separator has-alpha-channel-opacity\"\/>\n\n\n\n<p class=\"wp-block-paragraph\"><strong>Du 9 septembre au 31 octobre, exposition<\/strong> : \u00e0 quoi pourrait ressembler Grenoble en 2040 ? \u00e0 La Plateforme, ancien mus\u00e9e de peinture place de Verdun. Expo : \u00e0 quoi pourrait ressembler Grenoble en 2040 ? &#8211; Grenoble.fr<\/p>\n\n\n\n<p class=\"wp-block-paragraph\"><\/p>\n","protected":false},"excerpt":{"rendered":"<p>Vendredi 4 septembre 2026, f\u00eate de la Bastille \u00e0 partir de 18 h Place Tournadre &#8211; Fort de la Bastille Du 9 septembre au 31 octobre, exposition : \u00e0 quoi pourrait ressembler Grenoble en 2040 ? \u00e0 La Plateforme, ancien mus\u00e9e de peinture place de Verdun. Expo : \u00e0 quoi pourrait ressembler Grenoble en 2040 [&hellip;]<\/p>\n","protected":false},"author":1,"featured_media":0,"comment_status":"closed","ping_status":"open","sticky":false,"template":"","format":"standard","meta":{"twitterCardType":"","cardImageID":0,"cardImage":"","cardTitle":"","cardDesc":"","cardImageAlt":"","cardPlayer":"","cardPlayerWidth":0,"cardPlayerHeight":0,"cardPlayerStream":"","cardPlayerCodec":"","footnotes":""},"categories":[62,11],"tags":[],"class_list":["post-26584","post","type-post","status-publish","format-standard","hentry","category-le-rouge-le-vert-hebdo","category-politique-locale"],"_links":{"self":[{"href":"https:\/\/www.ades-grenoble.org\/wordpress\/wp-json\/wp\/v2\/posts\/26584","targetHints":{"allow":["GET"]}}],"collection":[{"href":"https:\/\/www.ades-grenoble.org\/wordpress\/wp-json\/wp\/v2\/posts"}],"about":[{"href":"https:\/\/www.ades-grenoble.org\/wordpress\/wp-json\/wp\/v2\/types\/post"}],"author":[{"embeddable":true,"href":"https:\/\/www.ades-grenoble.org\/wordpress\/wp-json\/wp\/v2\/users\/1"}],"replies":[{"embeddable":true,"href":"https:\/\/www.ades-grenoble.org\/wordpress\/wp-json\/wp\/v2\/comments?post=26584"}],"version-history":[{"count":3,"href":"https:\/\/www.ades-grenoble.org\/wordpress\/wp-json\/wp\/v2\/posts\/26584\/revisions"}],"predecessor-version":[{"id":26589,"href":"https:\/\/www.ades-grenoble.org\/wordpress\/wp-json\/wp\/v2\/posts\/26584\/revisions\/26589"}],"wp:attachment":[{"href":"https:\/\/www.ades-grenoble.org\/wordpress\/wp-json\/wp\/v2\/media?parent=26584"}],"wp:term":[{"taxonomy":"category","embeddable":true,"href":"https:\/\/www.ades-grenoble.org\/wordpress\/wp-json\/wp\/v2\/categories?post=26584"},{"taxonomy":"post_tag","embeddable":true,"href":"https:\/\/www.ades-grenoble.org\/wordpress\/wp-json\/wp\/v2\/tags?post=26584"}],"curies":[{"name":"wp","href":"https:\/\/api.w.org\/{rel}","templated":true}]}}