{"id":2662,"date":"2010-11-19T21:31:27","date_gmt":"2010-11-19T19:31:27","guid":{"rendered":"http:\/\/www.ades-grenoble.org\/wordpress\/?p=2662"},"modified":"2010-12-17T21:55:34","modified_gmt":"2010-12-17T19:55:34","slug":"un-specialiste-des-pots-de-vin-promu-prefet-par-m-sarkozy","status":"publish","type":"post","link":"https:\/\/www.ades-grenoble.org\/wordpress\/2010\/11\/19\/un-specialiste-des-pots-de-vin-promu-prefet-par-m-sarkozy\/","title":{"rendered":"Un sp\u00e9cialiste des pots de vin promu pr\u00e9fet par M. Sarkozy"},"content":{"rendered":"<p>M. Xavier Peneau, ancien directeur des services du conseil g\u00e9n\u00e9ral de l\u2019Is\u00e8re et directeur des cabinets de M. Carignon au conseil g\u00e9n\u00e9ral de l\u2019Is\u00e8re et \u00e0 la ville de Grenoble, exfiltr\u00e9 comme sous-pr\u00e9fet de Montmorency lors des affaires de corruption g\u00e9n\u00e9ralis\u00e9e \u00e0 Grenoble et au conseil g\u00e9n\u00e9ral, puis d\u00e9tach\u00e9 comme PDG d\u2019un ch\u00e2teau de marchand de vins dans le Bordelais, avant d\u2019\u00eatre r\u00e9int\u00e9gr\u00e9 et promu au minist\u00e8re de l\u2019Int\u00e9rieur par M. Sarkozy alors ministre de l\u2019Int\u00e9rieur, vient d\u2019\u00eatre promu pr\u00e9fet (dans l\u2019Indre, discret d\u00e9partement du centre, terre de ch\u00e2teaux) par M. Sarkozy et M. Hortefeux.<\/p>\n<p><a href=\"http:\/\/www.ades-grenoble.org\/wordpress\/2010\/01\/08\/la-legion-d%e2%80%99honneur-a-m-xavier-peneau-un-exemple-pour-grenoble-et-l%e2%80%99isere\/\" target=\"_self\">M. Sarkozy et M. Hortefeux l\u2019avaient pr\u00e9alablement promu chevalier de la L\u00e9gion d\u2019honneur le 31 d\u00e9cembre 2009<\/a>, distinction discr\u00e9tionnaire que personne ne peut contester, m\u00eame quand le r\u00e9cipiendaire a atteint \u00e0 la confiance que les citoyens sont en droit d\u2019attendre de l\u2019administration publique !\u00a0:<\/p>\n<p style=\"padding-left: 30px;\">\u201c\u00a0Vu la requ\u00eate, enregistr\u00e9e le 23 f\u00e9vrier 2010 au secr\u00e9tariat du contentieux du Conseil d&rsquo;Etat, pr\u00e9sent\u00e9e par M. Raymond Avrillier, demeurant \u00e0 Grenoble ; M. Avrillier demande au Conseil d&rsquo;Etat d&rsquo;annuler le d\u00e9cret du Pr\u00e9sident de la R\u00e9publique en date du 31 d\u00e9cembre 2009 en tant qu&rsquo;il a nomm\u00e9 M. Xavier Peneau au grade de chevalier dans l&rsquo;ordre national de la L\u00e9gion d&rsquo;honneur ;<\/p>\n<p style=\"padding-left: 30px;\">Consid\u00e9rant que la d\u00e9cision attaqu\u00e9e, par laquelle M. Xavier Peneau, administrateur civil au minist\u00e8re de l&rsquo;int\u00e9rieur, de l&rsquo;outre-mer et des collectivit\u00e9s territoriales, a \u00e9t\u00e9 nomm\u00e9 chevalier de la L\u00e9gion d&rsquo;honneur, ne peut \u00eatre regard\u00e9e comme faisant par elle-m\u00eame grief au requ\u00e9rant ; que, par suite, celui-ci ne justifie pas d&rsquo;un int\u00e9r\u00eat lui donnant qualit\u00e9 pour en contester la l\u00e9galit\u00e9 ; que ses conclusions tendant \u00e0 l&rsquo;annulation de cette d\u00e9cision ne sont ainsi pas recevables\u00a0\u201d (D\u00e9cision du Conseil d\u2019Etat du 22 octobre 2010)<\/p>\n<p>M. Xavier Peneau n\u2019aura aucune difficult\u00e9 pour appliquer, \u00e0 Ch\u00e2teauroux, <a href=\"http:\/\/www.ades-grenoble.org\/wordpress\/2010\/08\/10\/un-discours-qui-deshonore-grenoble-ville-%c2%ab-compagnon-de-la-liberation-%c2%bb\/\" target=\"_self\">le \u201c\u00a0discours de Grenoble\u00a0\u201d de M. Sarkozy<\/a>, compte tenu de sa d\u00e9coration et de son exp\u00e9rience en mati\u00e8re de d\u00e9linquance, sachant qu\u2019<a href=\"http:\/\/www.ades-grenoble.org\/wordpress\/2010\/05\/30\/mm-carignon-et-peneau-doivent-payer-leur-dette\/\" target=\"_self\">il d\u00e9tient toujours ill\u00e9galement, conjointement et solidairement avec M. Carignon 253\u00a0126,35 euros d\u2019argent des contribuables du d\u00e9partement de l\u2019Is\u00e8re qu\u2019il a abus\u00e9s<\/a>.<\/p>\n<p>Le procureur de la R\u00e9publique de Grenoble, \u00e0 l\u2019\u00e9poque des faits de faux en \u00e9criture publique, abus de biens sociaux et autres affaires grenobloises, concluait ainsi son r\u00e9quisitoire le 9 octobre 1997\u00a0:<\/p>\n<p>\u201c <em>Si l&rsquo;homme politique que vous souteniez avait poursuivi sa carri\u00e8re [M. Carignon], vous seriez aujourd&rsquo;hui pr\u00e9fet en train de diriger un service de contr\u00f4le de la l\u00e9galit\u00e9 et cela me fait peur. \u201d \u201c Dans ce dossier, la corruption est permanente, la corruption vicie tout. Tous les actes, toutes les fonctions sont monnay\u00e9es. \u201d<\/em><\/p>\n<p>Il convient donc d\u2019avoir peur de la promotion de M. Peneau au poste de pr\u00e9fet, par M. Sarkozy et M. Hortefeux, lors du conseil des ministres du 10 novembre 2010.<\/p>\n","protected":false},"excerpt":{"rendered":"<p>M. Xavier Peneau, ancien directeur des services du conseil g\u00e9n\u00e9ral de l\u2019Is\u00e8re et directeur des cabinets de M. Carignon au conseil g\u00e9n\u00e9ral de l\u2019Is\u00e8re et \u00e0 la ville de Grenoble, exfiltr\u00e9 comme sous-pr\u00e9fet de Montmorency lors des affaires de corruption g\u00e9n\u00e9ralis\u00e9e \u00e0 Grenoble et au conseil g\u00e9n\u00e9ral, puis d\u00e9tach\u00e9 comme PDG d\u2019un ch\u00e2teau de marchand [&hellip;]<\/p>\n","protected":false},"author":1,"featured_media":0,"comment_status":"closed","ping_status":"open","sticky":false,"template":"","format":"standard","meta":{"twitterCardType":"","cardImageID":0,"cardImage":"","cardTitle":"","cardDesc":"","cardImageAlt":"","cardPlayer":"","cardPlayerWidth":0,"cardPlayerHeight":0,"cardPlayerStream":"","cardPlayerCodec":"","footnotes":""},"categories":[62],"tags":[30],"class_list":["post-2662","post","type-post","status-publish","format-standard","hentry","category-le-rouge-le-vert-hebdo","tag-corrompu"],"_links":{"self":[{"href":"https:\/\/www.ades-grenoble.org\/wordpress\/wp-json\/wp\/v2\/posts\/2662","targetHints":{"allow":["GET"]}}],"collection":[{"href":"https:\/\/www.ades-grenoble.org\/wordpress\/wp-json\/wp\/v2\/posts"}],"about":[{"href":"https:\/\/www.ades-grenoble.org\/wordpress\/wp-json\/wp\/v2\/types\/post"}],"author":[{"embeddable":true,"href":"https:\/\/www.ades-grenoble.org\/wordpress\/wp-json\/wp\/v2\/users\/1"}],"replies":[{"embeddable":true,"href":"https:\/\/www.ades-grenoble.org\/wordpress\/wp-json\/wp\/v2\/comments?post=2662"}],"version-history":[{"count":4,"href":"https:\/\/www.ades-grenoble.org\/wordpress\/wp-json\/wp\/v2\/posts\/2662\/revisions"}],"predecessor-version":[{"id":2900,"href":"https:\/\/www.ades-grenoble.org\/wordpress\/wp-json\/wp\/v2\/posts\/2662\/revisions\/2900"}],"wp:attachment":[{"href":"https:\/\/www.ades-grenoble.org\/wordpress\/wp-json\/wp\/v2\/media?parent=2662"}],"wp:term":[{"taxonomy":"category","embeddable":true,"href":"https:\/\/www.ades-grenoble.org\/wordpress\/wp-json\/wp\/v2\/categories?post=2662"},{"taxonomy":"post_tag","embeddable":true,"href":"https:\/\/www.ades-grenoble.org\/wordpress\/wp-json\/wp\/v2\/tags?post=2662"}],"curies":[{"name":"wp","href":"https:\/\/api.w.org\/{rel}","templated":true}]}}