{"id":2695,"date":"2010-11-26T21:11:52","date_gmt":"2010-11-26T19:11:52","guid":{"rendered":"http:\/\/www.ades-grenoble.org\/wordpress\/?p=2695"},"modified":"2010-12-17T21:54:57","modified_gmt":"2010-12-17T19:54:57","slug":"mort-programmee-du-dispositif-auxiliaires-de-vie-scolaire-avs","status":"publish","type":"post","link":"https:\/\/www.ades-grenoble.org\/wordpress\/2010\/11\/26\/mort-programmee-du-dispositif-auxiliaires-de-vie-scolaire-avs\/","title":{"rendered":"Mort programm\u00e9e du dispositif Auxiliaires de Vie Scolaire (AVS) !"},"content":{"rendered":"<p>En raison du d\u00e9ficit budg\u00e9taire de l\u2019Etat, le Gouvernement a d\u00e9cid\u00e9 de r\u00e9duire la d\u00e9pense publique. La nouvelle id\u00e9e\u00a0:\u00a0supprimer les postes d\u2019Auxiliaires de Vie Scolaire &#8211; AVS pour l\u2019aide \u00e0 l\u2019int\u00e9gration des enfants handicap\u00e9s \u00e0 l\u2019\u00e9cole.<\/p>\n<p>Ce gouvernement d\u00e9truit de la main droite ce qu\u2019il avait tent\u00e9 de mettre en \u0153uvre d\u2019une petite main gauche\u00a0: la loi sur le Handicap de 2005.<\/p>\n<p>Cette aide \u00e0 l\u2019int\u00e9gration est indispensable pour les enfants et leurs familles. Celles-ci sont confront\u00e9es en permanence \u00e0 des tracasseries administratives pour faire valoir les droits \u00e9l\u00e9mentaires, auxquels ils peuvent pr\u00e9tendre.<\/p>\n<p>Le droit \u00e0 la scolarisation est essentiel pour faciliter l\u2019int\u00e9gration de ces enfants ou de ces jeunes. Cette d\u00e9cision atteint tous les enfants\u00a0: ceux scolaris\u00e9s en \u00e9coles maternelles et \u00e9l\u00e9mentaires, coll\u00e8ges et lyc\u00e9es.<\/p>\n<p>Il y a fort \u00e0 parier que ce m\u00eame Etat va rapidement se d\u00e9fausser sur les collectivit\u00e9s territoriales, en disant \u00e0 grand renfort m\u00e9diatique  que les communes ont des comp\u00e9tences pour l\u2019accueil dans les \u00e9coles maternelles et \u00e9l\u00e9mentaires, les conseils g\u00e9n\u00e9raux pour les coll\u00e8ges et les r\u00e9gions pour les lyc\u00e9es. C\u2019est devenu une habitude\u00a0: transfert de charges sans compensation.<\/p>\n<p>Non contents d\u2019avoir cr\u00e9\u00e9 des statuts pr\u00e9caires pour ces auxiliaires de vie scolaire, l\u2019Etat menace de supprimer ces postes. C\u2019est aussi une nouvelle atteinte au travail des jeunes. En effet, de nombreux postes \u00e9taient occup\u00e9s par des jeunes, ce qui leur permettait de terminer leurs \u00e9tudes et de se doter d\u2019une premi\u00e8re exp\u00e9rience professionnelle. Mais c\u2019est aussi une atteinte au travail des femmes, qui sont nombreuses dans ce secteur d\u2019activit\u00e9.<\/p>\n<p><!--more-->L\u00e0 o\u00f9 il est n\u00e9cessaire d\u2019avoir un  projet de s\u00e9curisation de l\u2019emploi, l\u2019Etat pr\u00e9f\u00e8re supprimer purement et simplement une mesure qui commen\u00e7ait \u00e0 porter ses fruits pour l\u2019accueil des enfants handicap\u00e9s \u00e0 l\u2019\u00e9cole. C\u2019est une sorte de trahison \u00e0 la loi pour toutes les formes de handicaps, qu\u2019il s\u2019agisse d\u2019enfants handicap\u00e9s moteurs, ou atteints de d\u00e9ficience visuelle et auditive, mais aussi pour les enfants ayant des troubles mentaux, l\u2019Etat abandonne encore un champ de la solidarit\u00e9.<\/p>\n<p>Nous affirmons notre solidarit\u00e9 aupr\u00e8s des familles dont les enfants auront de r\u00e9elles difficult\u00e9s \u00e0 \u00eatre scolaris\u00e9s. Mais aussi, aupr\u00e8s des enseignants, qui seront dans l\u2019obligation d\u2019accueillir quelques enfants, alors que des postes sont supprim\u00e9s et que le nombre d\u2019enfants par classe ne cesse d\u2019augmenter.<\/p>\n<p>Les enfants handicap\u00e9s et leurs familles ont besoin de la solidarit\u00e9 nationale. Une fois encore, on observe que ce gouvernement d\u00e9tricote progressivement toutes les avanc\u00e9es sociales du 20<sup>\u00e8me<\/sup> si\u00e8cle alors que dans le m\u00eame temps, il veut supprimer  l\u2019imp\u00f4t sur la fortune (ISF).<\/p>\n<p>Nous  nous joignons \u00e0 l&rsquo;appel deSt\u00e9phane Hessel, qui vient de rejoindre Europe Ecologie -Les Verts,\u00a0 \u00ab\u00a0<strong>Indignez  vous\u00a0!<\/strong>\u00bb, \u2026 \u00ab<strong>appelons-nous toujours<\/strong> <strong>\u00e0 une v\u00e9ritable insurrection pacifique contre (\u2026) le m\u00e9pris des plus faibles et de la culture, l\u2019amn\u00e9sie g\u00e9n\u00e9ralis\u00e9e et la comp\u00e9tition \u00e0 outrance de tous contre tous.\u00a0\u00bb<\/strong><\/p>\n","protected":false},"excerpt":{"rendered":"<p>En raison du d\u00e9ficit budg\u00e9taire de l\u2019Etat, le Gouvernement a d\u00e9cid\u00e9 de r\u00e9duire la d\u00e9pense publique. La nouvelle id\u00e9e\u00a0:\u00a0supprimer les postes d\u2019Auxiliaires de Vie Scolaire &#8211; AVS pour l\u2019aide \u00e0 l\u2019int\u00e9gration des enfants handicap\u00e9s \u00e0 l\u2019\u00e9cole. Ce gouvernement d\u00e9truit de la main droite ce qu\u2019il avait tent\u00e9 de mettre en \u0153uvre d\u2019une petite main gauche\u00a0: [&hellip;]<\/p>\n","protected":false},"author":1,"featured_media":0,"comment_status":"closed","ping_status":"open","sticky":false,"template":"","format":"standard","meta":{"twitterCardType":"","cardImageID":0,"cardImage":"","cardTitle":"","cardDesc":"","cardImageAlt":"","cardPlayer":"","cardPlayerWidth":0,"cardPlayerHeight":0,"cardPlayerStream":"","cardPlayerCodec":"","footnotes":""},"categories":[10,62],"tags":[42,33],"class_list":["post-2695","post","type-post","status-publish","format-standard","hentry","category-autres-dossiers","category-le-rouge-le-vert-hebdo","tag-droits-des-femmes","tag-social"],"_links":{"self":[{"href":"https:\/\/www.ades-grenoble.org\/wordpress\/wp-json\/wp\/v2\/posts\/2695","targetHints":{"allow":["GET"]}}],"collection":[{"href":"https:\/\/www.ades-grenoble.org\/wordpress\/wp-json\/wp\/v2\/posts"}],"about":[{"href":"https:\/\/www.ades-grenoble.org\/wordpress\/wp-json\/wp\/v2\/types\/post"}],"author":[{"embeddable":true,"href":"https:\/\/www.ades-grenoble.org\/wordpress\/wp-json\/wp\/v2\/users\/1"}],"replies":[{"embeddable":true,"href":"https:\/\/www.ades-grenoble.org\/wordpress\/wp-json\/wp\/v2\/comments?post=2695"}],"version-history":[{"count":4,"href":"https:\/\/www.ades-grenoble.org\/wordpress\/wp-json\/wp\/v2\/posts\/2695\/revisions"}],"predecessor-version":[{"id":2893,"href":"https:\/\/www.ades-grenoble.org\/wordpress\/wp-json\/wp\/v2\/posts\/2695\/revisions\/2893"}],"wp:attachment":[{"href":"https:\/\/www.ades-grenoble.org\/wordpress\/wp-json\/wp\/v2\/media?parent=2695"}],"wp:term":[{"taxonomy":"category","embeddable":true,"href":"https:\/\/www.ades-grenoble.org\/wordpress\/wp-json\/wp\/v2\/categories?post=2695"},{"taxonomy":"post_tag","embeddable":true,"href":"https:\/\/www.ades-grenoble.org\/wordpress\/wp-json\/wp\/v2\/tags?post=2695"}],"curies":[{"name":"wp","href":"https:\/\/api.w.org\/{rel}","templated":true}]}}