{"id":2870,"date":"2010-12-17T21:47:46","date_gmt":"2010-12-17T19:47:46","guid":{"rendered":"http:\/\/www.ades-grenoble.org\/wordpress\/?p=2870"},"modified":"2011-01-14T22:21:01","modified_gmt":"2011-01-14T20:21:01","slug":"deces-de-cecil-guitart","status":"publish","type":"post","link":"https:\/\/www.ades-grenoble.org\/wordpress\/2010\/12\/17\/deces-de-cecil-guitart\/","title":{"rendered":"D\u00e9c\u00e8s de C\u00e9cil Guitart"},"content":{"rendered":"<div id=\"attachment_2872\" style=\"width: 204px\" class=\"wp-caption alignleft\"><img loading=\"lazy\" decoding=\"async\" aria-describedby=\"caption-attachment-2872\" class=\"size-medium wp-image-2872\" title=\"Cecil-guitart\" src=\"http:\/\/www.ades-grenoble.org\/wordpress\/wp-content\/uploads\/2010\/12\/Cecil-guitart-194x300.jpg\" alt=\"\" width=\"194\" height=\"300\" srcset=\"https:\/\/www.ades-grenoble.org\/wordpress\/wp-content\/uploads\/2010\/12\/Cecil-guitart-194x300.jpg 194w, https:\/\/www.ades-grenoble.org\/wordpress\/wp-content\/uploads\/2010\/12\/Cecil-guitart-97x150.jpg 97w, https:\/\/www.ades-grenoble.org\/wordpress\/wp-content\/uploads\/2010\/12\/Cecil-guitart.jpg 207w\" sizes=\"auto, (max-width: 194px) 100vw, 194px\" \/><p id=\"caption-attachment-2872\" class=\"wp-caption-text\">Photo GK, tous droits r\u00e9serv\u00e9s<\/p><\/div>\n<p>Ancien adjoint au maire entre 2001 et 2008, C\u00e9cil Guitart n\u2019avait pas accept\u00e9 l\u2019accord de deuxi\u00e8me tour en mars 2008 entre GO et Destot, qui choisissait l\u2019alliance avec des composantes de droite, \u00e9liminant les \u00e9cologistes. Avec de nombreux militants il avait alors quitt\u00e9 GO puis il avait adh\u00e9r\u00e9 au Parti de Gauche et s\u2019appr\u00eatait \u00e0 le repr\u00e9senter aux \u00e9lections cantonales en mars 2011 \u00e0 Grenoble. Sa disparition brutale nous a beaucoup choqu\u00e9s. Jean Marc Cant\u00e8le, ancien adjoint au m\u00eame moment nous rappelle le travail men\u00e9 en commun dans la majorit\u00e9 de gauche et \u00e9cologiste de l\u2019\u00e9poque.<\/p>\n<p><strong>Cher C\u00e9cil,<\/strong><\/p>\n<p>Nous sommes nombreux \u00e0 \u00eatre en \u00e9tat de choc apr\u00e8s ta brutale disparition. Il y a encore peu, nous \u00e9tions main dans la main devant le rectorat, manifestant avec les \u00ab\u00a0Mounier\u00a0\u00bb pour d\u00e9fendre leur juste cause. Un nouveau combat, apr\u00e8s tous ceux que tu avais men\u00e9s, en particulier au sein de la municipalit\u00e9 de gauche et des \u00e9cologistes \u00e0 laquelle nous avons appartenu de 2001 \u00e0 2008. En charge d\u2019un secteur en p\u00e9ril et donc tr\u00e8s sensible, tu avais banni de ton langage le terme socio-culturel pour lui pr\u00e9f\u00e9rer celui de culture solidaire, plus adapt\u00e9 \u00e0 l\u2019id\u00e9e que tu te faisais de l\u2019\u00e9ducation et de l\u2019acc\u00e8s \u00e0 la culture pour tous. Il t\u2019en a fallu de la d\u00e9termination  pour renouer les fils du dialogue avec les acteurs de cette culture solidaire qui n\u2019y croyaient plus.<\/p>\n<p>Certaines actions d\u2019\u00e9lus donnent lieu parfois \u00e0 des inaugurations officielles et ce fut le cas du \u00ab\u00a0Plateau\u00a0\u00bb \u00e9quipement d\u00e9sormais reconnu, symbole de la liaison entre les quartiers Mistral et Eaux-Claires, que tu as port\u00e9 \u00e0 bout de bras. Et puis il y a d\u2019autres actions, celles qui ne s\u2019inaugurent pas, qui font peu de bruit et participent pourtant de l\u2019int\u00e9r\u00eat g\u00e9n\u00e9ral.  On retiendra le Projet Educatif Grenoblois par exemple, ou encore la base de loisirs de Massacan que certains voulaient vendre au priv\u00e9 et qui \u00e0 force de r\u00e9sistance est rest\u00e9 sous le contr\u00f4le de la Ville. Depuis, des familles et  enfants grenoblois les moins favoris\u00e9s peuvent b\u00e9n\u00e9ficier de vacances \u00e0 la mer.<\/p>\n<p>Pour mener \u00e0 bien ces projets, tu avais de l\u2019\u00e9nergie, de l\u2019humour et beaucoup d\u2019humanit\u00e9.  Pourtant ce travail n\u2019a pas \u00e9t\u00e9 reconnu \u00e0 sa juste valeur et il m\u00e9ritait d\u2019\u00eatre rappel\u00e9 ici.<\/p>\n<p>C\u00e9cil, ta faconde, ton accent rocailleux inimitable vont beaucoup nous manquer. Nous avions encore tellement \u00e0 faire ensemble\u00a0!<\/p>\n","protected":false},"excerpt":{"rendered":"<p>Ancien adjoint au maire entre 2001 et 2008, C\u00e9cil Guitart n\u2019avait pas accept\u00e9 l\u2019accord de deuxi\u00e8me tour en mars 2008 entre GO et Destot, qui choisissait l\u2019alliance avec des composantes de droite, \u00e9liminant les \u00e9cologistes. Avec de nombreux militants il avait alors quitt\u00e9 GO puis il avait adh\u00e9r\u00e9 au Parti de Gauche et s\u2019appr\u00eatait \u00e0 [&hellip;]<\/p>\n","protected":false},"author":1,"featured_media":0,"comment_status":"closed","ping_status":"open","sticky":false,"template":"","format":"standard","meta":{"twitterCardType":"","cardImageID":0,"cardImage":"","cardTitle":"","cardDesc":"","cardImageAlt":"","cardPlayer":"","cardPlayerWidth":0,"cardPlayerHeight":0,"cardPlayerStream":"","cardPlayerCodec":"","footnotes":""},"categories":[62,11],"tags":[],"class_list":["post-2870","post","type-post","status-publish","format-standard","hentry","category-le-rouge-le-vert-hebdo","category-politique-locale"],"_links":{"self":[{"href":"https:\/\/www.ades-grenoble.org\/wordpress\/wp-json\/wp\/v2\/posts\/2870","targetHints":{"allow":["GET"]}}],"collection":[{"href":"https:\/\/www.ades-grenoble.org\/wordpress\/wp-json\/wp\/v2\/posts"}],"about":[{"href":"https:\/\/www.ades-grenoble.org\/wordpress\/wp-json\/wp\/v2\/types\/post"}],"author":[{"embeddable":true,"href":"https:\/\/www.ades-grenoble.org\/wordpress\/wp-json\/wp\/v2\/users\/1"}],"replies":[{"embeddable":true,"href":"https:\/\/www.ades-grenoble.org\/wordpress\/wp-json\/wp\/v2\/comments?post=2870"}],"version-history":[{"count":4,"href":"https:\/\/www.ades-grenoble.org\/wordpress\/wp-json\/wp\/v2\/posts\/2870\/revisions"}],"predecessor-version":[{"id":3055,"href":"https:\/\/www.ades-grenoble.org\/wordpress\/wp-json\/wp\/v2\/posts\/2870\/revisions\/3055"}],"wp:attachment":[{"href":"https:\/\/www.ades-grenoble.org\/wordpress\/wp-json\/wp\/v2\/media?parent=2870"}],"wp:term":[{"taxonomy":"category","embeddable":true,"href":"https:\/\/www.ades-grenoble.org\/wordpress\/wp-json\/wp\/v2\/categories?post=2870"},{"taxonomy":"post_tag","embeddable":true,"href":"https:\/\/www.ades-grenoble.org\/wordpress\/wp-json\/wp\/v2\/tags?post=2870"}],"curies":[{"name":"wp","href":"https:\/\/api.w.org\/{rel}","templated":true}]}}