{"id":2875,"date":"2010-12-17T21:52:41","date_gmt":"2010-12-17T19:52:41","guid":{"rendered":"http:\/\/www.ades-grenoble.org\/wordpress\/?p=2875"},"modified":"2011-01-14T22:21:06","modified_gmt":"2011-01-14T20:21:06","slug":"conseil-municipal-vote-du-budget-2011","status":"publish","type":"post","link":"https:\/\/www.ades-grenoble.org\/wordpress\/2010\/12\/17\/conseil-municipal-vote-du-budget-2011\/","title":{"rendered":"Conseil municipal, vote du budget 2011"},"content":{"rendered":"<p><strong><img loading=\"lazy\" decoding=\"async\" class=\"alignleft size-thumbnail wp-image-350\" title=\"tirelire\" src=\"http:\/\/www.ades-grenoble.org\/wordpress\/wp-content\/uploads\/2008\/12\/tirelire-150x150.jpg\" alt=\"\" width=\"150\" height=\"150\" \/>Lundi 20 d\u00e9cembre \u00e0 17 h, aura lieu le conseil municipal qui votera le budget 2011 de la ville. <\/strong><\/p>\n<p>Pour se faire \u00e9lire, la majorit\u00e9 droite-gauche avait promis de ne pas augmenter les imp\u00f4ts locaux, mais \u00e0 peine \u00e9lue <a href=\"http:\/\/www.ades-grenoble.org\/wordpress\/category\/politique-locale\/impots\/\" target=\"_self\">elle les augmentait violemment (en moyenne de 12%, mais beaucoup plus pour les bas revenus)<\/a>. Les \u00e9cologistes ont d\u00e9montr\u00e9 que cette augmentation \u00e9tait inutile \u00e0 condition de faire des \u00e9conomies sur le train de vie de la ville et d\u2019\u00e9viter les investissements de prestige ou qui ne sont pas du ressort d\u2019une commune. La majorit\u00e9 s\u2019est constitu\u00e9e une cagnotte en d\u00e9but de mandat en esp\u00e9rant qu&rsquo;apr\u00e8s 6 ans  les \u00e9lecteurs auront oubli\u00e9 ce mauvais coup. Le budget propos\u00e9 est malheureusement dans la continuit\u00e9 des pr\u00e9c\u00e9dents. Au moment o\u00f9 la r\u00e9forme des collectivit\u00e9s territoriales est mise en place et l\u2019aust\u00e9rit\u00e9 budg\u00e9taire de l\u2019Etat amplifi\u00e9e, il aurait \u00e9t\u00e9 de bonne politique de s\u2019interroger sur les grandes priorit\u00e9s d\u2019intervention d\u2019une Ville comme Grenoble afin de lutter contre la ville \u00e0 deux vitesses et la d\u00e9gradation des conditions de vie de tr\u00e8s nombreux habitants. Le groupe des \u00e9lus \u00ab\u00a0Ecologie et solidarit\u00e9\u00a0\u00bb, Verts, ADES, Alternatifs fera des propositions alternatives au conseil municipal d\u00e9montrant qu\u2019une autre politique de gauche et \u00e9cologique est possible en diminuant la pression fiscale. Les imp\u00f4ts locaux sont tr\u00e8s injustes et tr\u00e8s peu redistributifs, il faut donc les fixer \u00e0 un niveau acceptable par la grande majorit\u00e9 des habitants et ne pas c\u00e9der \u00e0 la facilit\u00e9. La politique c\u2019est faire des choix, mais la majorit\u00e9 h\u00e9t\u00e9roclite est trop divis\u00e9e pour les faire.<\/p>\n<p>Au-del\u00e0 du budget de la ville, il serait tr\u00e8s important de veiller \u00e0 ce que les tarifs des services publics essentiels soient fix\u00e9s au plus juste prix, c\u2019est ce qu\u2019exige la solidarit\u00e9 la plus \u00e9l\u00e9mentaire. Or dans le tarif de l\u2019\u00e9lectricit\u00e9 les usagers payent l\u2019\u00e9clairage public qui devrait \u00eatre int\u00e9gralement pay\u00e9 par l\u2019imp\u00f4t, en effet la taxe d\u2019habitation est en partie d\u00e9pendante des revenus et de la structure familiale alors que le tarif de l\u2019\u00e9lectricit\u00e9 est le m\u00eame pour tous les usagers. Mais surtout il faudrait que les tarifs de la Compagnie de Chauffage, vot\u00e9s par la majorit\u00e9 soient fortement diminu\u00e9s (de 10 \u00e0 15 %) pour \u00e9viter que les usagers payent des dividendes excessifs aux actionnaires, des imp\u00f4ts sur les soci\u00e9t\u00e9s et des surfacturations irr\u00e9guli\u00e8res. Souhaitons que l\u2019ann\u00e9e 2011 voie ces tarifs diminu\u00e9s, la mobilisation de nombreuses copropri\u00e9t\u00e9s \u00e9tant de plus en plus forte \u00e0 ce sujet.<\/p>\n","protected":false},"excerpt":{"rendered":"<p>Lundi 20 d\u00e9cembre \u00e0 17 h, aura lieu le conseil municipal qui votera le budget 2011 de la ville. Pour se faire \u00e9lire, la majorit\u00e9 droite-gauche avait promis de ne pas augmenter les imp\u00f4ts locaux, mais \u00e0 peine \u00e9lue elle les augmentait violemment (en moyenne de 12%, mais beaucoup plus pour les bas revenus). Les [&hellip;]<\/p>\n","protected":false},"author":1,"featured_media":0,"comment_status":"closed","ping_status":"open","sticky":false,"template":"","format":"standard","meta":{"twitterCardType":"","cardImageID":0,"cardImage":"","cardTitle":"","cardDesc":"","cardImageAlt":"","cardPlayer":"","cardPlayerWidth":0,"cardPlayerHeight":0,"cardPlayerStream":"","cardPlayerCodec":"","footnotes":""},"categories":[62,11],"tags":[47,27,67,28,19,55],"class_list":["post-2875","post","type-post","status-publish","format-standard","hentry","category-le-rouge-le-vert-hebdo","category-politique-locale","tag-budget-alternatif","tag-cie-de-chauffage","tag-conseil-municipal","tag-geg","tag-impots","tag-tarifs-publics"],"_links":{"self":[{"href":"https:\/\/www.ades-grenoble.org\/wordpress\/wp-json\/wp\/v2\/posts\/2875","targetHints":{"allow":["GET"]}}],"collection":[{"href":"https:\/\/www.ades-grenoble.org\/wordpress\/wp-json\/wp\/v2\/posts"}],"about":[{"href":"https:\/\/www.ades-grenoble.org\/wordpress\/wp-json\/wp\/v2\/types\/post"}],"author":[{"embeddable":true,"href":"https:\/\/www.ades-grenoble.org\/wordpress\/wp-json\/wp\/v2\/users\/1"}],"replies":[{"embeddable":true,"href":"https:\/\/www.ades-grenoble.org\/wordpress\/wp-json\/wp\/v2\/comments?post=2875"}],"version-history":[{"count":6,"href":"https:\/\/www.ades-grenoble.org\/wordpress\/wp-json\/wp\/v2\/posts\/2875\/revisions"}],"predecessor-version":[{"id":3056,"href":"https:\/\/www.ades-grenoble.org\/wordpress\/wp-json\/wp\/v2\/posts\/2875\/revisions\/3056"}],"wp:attachment":[{"href":"https:\/\/www.ades-grenoble.org\/wordpress\/wp-json\/wp\/v2\/media?parent=2875"}],"wp:term":[{"taxonomy":"category","embeddable":true,"href":"https:\/\/www.ades-grenoble.org\/wordpress\/wp-json\/wp\/v2\/categories?post=2875"},{"taxonomy":"post_tag","embeddable":true,"href":"https:\/\/www.ades-grenoble.org\/wordpress\/wp-json\/wp\/v2\/tags?post=2875"}],"curies":[{"name":"wp","href":"https:\/\/api.w.org\/{rel}","templated":true}]}}