{"id":2908,"date":"2010-12-23T21:22:13","date_gmt":"2010-12-23T19:22:13","guid":{"rendered":"http:\/\/www.ades-grenoble.org\/wordpress\/?p=2908"},"modified":"2011-01-14T22:21:12","modified_gmt":"2011-01-14T20:21:12","slug":"gf38-tout-s%e2%80%99accelere-les-contribuables-vont-ils-encore-payer-les-dettes","status":"publish","type":"post","link":"https:\/\/www.ades-grenoble.org\/wordpress\/2010\/12\/23\/gf38-tout-s%e2%80%99accelere-les-contribuables-vont-ils-encore-payer-les-dettes\/","title":{"rendered":"GF38, tout s\u2019acc\u00e9l\u00e8re : les contribuables vont-ils encore payer les dettes ?"},"content":{"rendered":"<p>Comme pr\u00e9vu, le patron japonais d\u2019Index cherche \u00e0 vendre la soci\u00e9t\u00e9 anonyme \u00e0 objet sportif GF38. M. Thierry Granturco est sur les rangs, il est avocat d\u2019affaires, c\u2019est \u00e0 la mode dans le monde du foot professionnel puisque le pr\u00e9sident de la ligue de football professionnel, M. Fr\u00e9d\u00e9ric Thiriez, est  avocat pr\u00e8s du Conseil d\u2019Etat et de la Cour de Cassation (M. Thiriez a \u00e9t\u00e9 l\u2019avocat du maire de Grenoble, M. Destot, contre nos recours en annulation des montages avec la Lyonnaise des Eaux). Le repreneur exige que tout soit boucl\u00e9 pour d\u00e9but janvier 2011 : il  en appelle aux \u201c\u00a0efforts des  collectivit\u00e9s territoriales\u00a0\u201d mais exige au moins 70 % des actions pour avoir les mains libres. Toutefois il n\u2019est pas pr\u00eat \u00e0 apporter un gros capital dans l\u2019imm\u00e9diat. Avant de se retirer des commandes du club, <a href=\"http:\/\/www.ades-grenoble.org\/wordpress\/2010\/11\/26\/le-gf38-en-eaux-troubles\/\" target=\"_self\">le patron d\u2019Index devra rembourser les fameux 1,4 M\u20ac vers\u00e9s \u00e0 la soci\u00e9t\u00e9 <em>Voyager <\/em>de Toulouse dans des conditions plus que douteuses<\/a>. En bon juriste, M. Granturco doit savoir que les collectivit\u00e9s locales n\u2019ont pas le droit d\u2019aider un club professionnel, mais il conna\u00eet aussi les mani\u00e8res de contourner les obstacles\u00a0! Il doit savoir tout de m\u00eame qu\u2019un recours a \u00e9t\u00e9 d\u00e9pos\u00e9 contre le contrat de location du stade au GF38, au motif que le loyer exig\u00e9 est beaucoup trop faible. Si le tribunal administratif suit la jurisprudence Olympique Lyonnais &#8211; stade de Gerland, le loyer devra \u00eatre fortement r\u00e9\u00e9valu\u00e9.<\/p>\n<p>La r\u00e9daction de Le Rouge &amp; le Vert est interpell\u00e9e  par plusieurs personnes qui nous disent\u00a0:\u00a0<em>\u201cNous comptons sur vous pour que ce ne soient pas encore une fois les contribuables qui payent pour le GF38\u201d.<\/em><\/p>\n","protected":false},"excerpt":{"rendered":"<p>Comme pr\u00e9vu, le patron japonais d\u2019Index cherche \u00e0 vendre la soci\u00e9t\u00e9 anonyme \u00e0 objet sportif GF38. M. Thierry Granturco est sur les rangs, il est avocat d\u2019affaires, c\u2019est \u00e0 la mode dans le monde du foot professionnel puisque le pr\u00e9sident de la ligue de football professionnel, M. Fr\u00e9d\u00e9ric Thiriez, est avocat pr\u00e8s du Conseil d\u2019Etat [&hellip;]<\/p>\n","protected":false},"author":1,"featured_media":0,"comment_status":"closed","ping_status":"open","sticky":false,"template":"","format":"standard","meta":{"twitterCardType":"","cardImageID":0,"cardImage":"","cardTitle":"","cardDesc":"","cardImageAlt":"","cardPlayer":"","cardPlayerWidth":0,"cardPlayerHeight":0,"cardPlayerStream":"","cardPlayerCodec":"","footnotes":""},"categories":[62,11,16],"tags":[73,233],"class_list":["post-2908","post","type-post","status-publish","format-standard","hentry","category-le-rouge-le-vert-hebdo","category-politique-locale","category-stade","tag-sports","tag-stade"],"_links":{"self":[{"href":"https:\/\/www.ades-grenoble.org\/wordpress\/wp-json\/wp\/v2\/posts\/2908","targetHints":{"allow":["GET"]}}],"collection":[{"href":"https:\/\/www.ades-grenoble.org\/wordpress\/wp-json\/wp\/v2\/posts"}],"about":[{"href":"https:\/\/www.ades-grenoble.org\/wordpress\/wp-json\/wp\/v2\/types\/post"}],"author":[{"embeddable":true,"href":"https:\/\/www.ades-grenoble.org\/wordpress\/wp-json\/wp\/v2\/users\/1"}],"replies":[{"embeddable":true,"href":"https:\/\/www.ades-grenoble.org\/wordpress\/wp-json\/wp\/v2\/comments?post=2908"}],"version-history":[{"count":4,"href":"https:\/\/www.ades-grenoble.org\/wordpress\/wp-json\/wp\/v2\/posts\/2908\/revisions"}],"predecessor-version":[{"id":3057,"href":"https:\/\/www.ades-grenoble.org\/wordpress\/wp-json\/wp\/v2\/posts\/2908\/revisions\/3057"}],"wp:attachment":[{"href":"https:\/\/www.ades-grenoble.org\/wordpress\/wp-json\/wp\/v2\/media?parent=2908"}],"wp:term":[{"taxonomy":"category","embeddable":true,"href":"https:\/\/www.ades-grenoble.org\/wordpress\/wp-json\/wp\/v2\/categories?post=2908"},{"taxonomy":"post_tag","embeddable":true,"href":"https:\/\/www.ades-grenoble.org\/wordpress\/wp-json\/wp\/v2\/tags?post=2908"}],"curies":[{"name":"wp","href":"https:\/\/api.w.org\/{rel}","templated":true}]}}