{"id":2960,"date":"2011-01-07T19:32:10","date_gmt":"2011-01-07T17:32:10","guid":{"rendered":"http:\/\/www.ades-grenoble.org\/wordpress\/?p=2960"},"modified":"2011-02-04T23:00:20","modified_gmt":"2011-02-04T21:00:20","slug":"la-legion-des-honorables-correspondants-de-l%e2%80%99ancien-maire-de-grenoble","status":"publish","type":"post","link":"https:\/\/www.ades-grenoble.org\/wordpress\/2011\/01\/07\/la-legion-des-honorables-correspondants-de-l%e2%80%99ancien-maire-de-grenoble\/","title":{"rendered":"La l\u00e9gion des honorables correspondants de l\u2019ancien maire de Grenoble"},"content":{"rendered":"<p>Apr\u00e8s la promotion dans l\u2019ordre de <a href=\"http:\/\/www.ades-grenoble.org\/wordpress\/2010\/01\/08\/la-legion-d%e2%80%99honneur-a-m-xavier-peneau-un-exemple-pour-grenoble-et-l%e2%80%99isere\/\" target=\"_self\">la l\u00e9gion d\u2019honneur (sic) le 31 d\u00e9cembre 2009 de son cher ami M. Xavier Peneau<\/a> avec qui <a href=\"http:\/\/www.ades-grenoble.org\/wordpress\/2010\/05\/30\/mm-carignon-et-peneau-doivent-payer-leur-dette\/\" target=\"_self\">il d\u00e9tient ill\u00e9galement 253 126,35 euros d\u2019argent des contribuables<\/a> du d\u00e9partement de l\u2019Is\u00e8re qu\u2019il a abus\u00e9s\u2026, et <a href=\"http:\/\/www.ades-grenoble.org\/wordpress\/2010\/11\/19\/un-specialiste-des-pots-de-vin-promu-prefet-par-m-sarkozy\/\" target=\"_self\">la promotion de ce m\u00eame M. Peneau pr\u00e9fet de l\u2019Indre<\/a> ; c&rsquo;est maintenant une autre petite l\u00e9gion en l\u2019honneur du corrompu qui est promue le 31 d\u00e9cembre 2010\u00a0:<\/p>\n<ol>\n<li>son \tancien mentor, M. Cabanel,<\/li>\n<li>son \tancien vice-pr\u00e9sident en charge de l\u2019assainissement au SIEPARG et \tr\u00e9mun\u00e9r\u00e9 sous Carignon de diff\u00e9rentes mani\u00e8res par les soci\u00e9t\u00e9s \tdont les filiales de GEG, toujours maire du Fontanil, M. Poirier ;<\/li>\n<li>son \tancien premier adjoint, M. Gascon, pr\u00e9sident de GEG du temps des \taffaires, pr\u00e9sident du CODASE.<\/li>\n<\/ol>\n<p>Gageons qu\u2019un autre promu dans cette fourn\u00e9e sarkoziste, M. Migaud, aura \u00e0 c\u0153ur de demander des comptes \u00e0 cette cour\u2026<\/p>\n<p>J. Longo, \u00e9galement honor\u00e9e lors de cette m\u00eame promotion du jour de l\u2019an, n\u2019est pas \u00e0 ranger exactement dans le m\u00eame peloton, m\u00eame si une erreur de trac\u00e9 l\u2019a un jour entra\u00een\u00e9e \u00e0 devenir une des trois simultan\u00e9s adjoints aux sports d\u2019un mandat tumultueux, m\u00eame si elle n\u2019a pas m\u00e9nag\u00e9 son soutien \u00e0 M. Carignon et au maire de Paris de l\u2019\u00e9poque.<\/p>\n","protected":false},"excerpt":{"rendered":"<p>Apr\u00e8s la promotion dans l\u2019ordre de la l\u00e9gion d\u2019honneur (sic) le 31 d\u00e9cembre 2009 de son cher ami M. Xavier Peneau avec qui il d\u00e9tient ill\u00e9galement 253 126,35 euros d\u2019argent des contribuables du d\u00e9partement de l\u2019Is\u00e8re qu\u2019il a abus\u00e9s\u2026, et la promotion de ce m\u00eame M. Peneau pr\u00e9fet de l\u2019Indre ; c&rsquo;est maintenant une autre [&hellip;]<\/p>\n","protected":false},"author":1,"featured_media":0,"comment_status":"closed","ping_status":"open","sticky":false,"template":"","format":"standard","meta":{"twitterCardType":"","cardImageID":0,"cardImage":"","cardTitle":"","cardDesc":"","cardImageAlt":"","cardPlayer":"","cardPlayerWidth":0,"cardPlayerHeight":0,"cardPlayerStream":"","cardPlayerCodec":"","footnotes":""},"categories":[62,11],"tags":[30],"class_list":["post-2960","post","type-post","status-publish","format-standard","hentry","category-le-rouge-le-vert-hebdo","category-politique-locale","tag-corrompu"],"_links":{"self":[{"href":"https:\/\/www.ades-grenoble.org\/wordpress\/wp-json\/wp\/v2\/posts\/2960","targetHints":{"allow":["GET"]}}],"collection":[{"href":"https:\/\/www.ades-grenoble.org\/wordpress\/wp-json\/wp\/v2\/posts"}],"about":[{"href":"https:\/\/www.ades-grenoble.org\/wordpress\/wp-json\/wp\/v2\/types\/post"}],"author":[{"embeddable":true,"href":"https:\/\/www.ades-grenoble.org\/wordpress\/wp-json\/wp\/v2\/users\/1"}],"replies":[{"embeddable":true,"href":"https:\/\/www.ades-grenoble.org\/wordpress\/wp-json\/wp\/v2\/comments?post=2960"}],"version-history":[{"count":4,"href":"https:\/\/www.ades-grenoble.org\/wordpress\/wp-json\/wp\/v2\/posts\/2960\/revisions"}],"predecessor-version":[{"id":3216,"href":"https:\/\/www.ades-grenoble.org\/wordpress\/wp-json\/wp\/v2\/posts\/2960\/revisions\/3216"}],"wp:attachment":[{"href":"https:\/\/www.ades-grenoble.org\/wordpress\/wp-json\/wp\/v2\/media?parent=2960"}],"wp:term":[{"taxonomy":"category","embeddable":true,"href":"https:\/\/www.ades-grenoble.org\/wordpress\/wp-json\/wp\/v2\/categories?post=2960"},{"taxonomy":"post_tag","embeddable":true,"href":"https:\/\/www.ades-grenoble.org\/wordpress\/wp-json\/wp\/v2\/tags?post=2960"}],"curies":[{"name":"wp","href":"https:\/\/api.w.org\/{rel}","templated":true}]}}