{"id":2964,"date":"2011-01-07T19:33:27","date_gmt":"2011-01-07T17:33:27","guid":{"rendered":"http:\/\/www.ades-grenoble.org\/wordpress\/?p=2964"},"modified":"2011-02-04T23:00:28","modified_gmt":"2011-02-04T21:00:28","slug":"une-signature-disparait-d%e2%80%99une-petition","status":"publish","type":"post","link":"https:\/\/www.ades-grenoble.org\/wordpress\/2011\/01\/07\/une-signature-disparait-d%e2%80%99une-petition\/","title":{"rendered":"Une signature dispara\u00eet d\u2019une p\u00e9tition"},"content":{"rendered":"<p>A la fin de l\u2019ann\u00e9e 2010, des commer\u00e7ants du centre ville envoyaient une p\u00e9tition au maire de Grenoble (copie au Pr\u00e9fet de l\u2019Is\u00e8re) pour d\u00e9noncer les nuisances provoqu\u00e9es par certaines personnes ayant des comportements g\u00eanants pour l\u2019activit\u00e9 commerciale. Dans cette p\u00e9tition, ces commer\u00e7ants indiquent qu\u2019ils connaissent bien M. Pilaud, par contre ils n\u2019ont jamais vu M. Safar\u00a0! Ce n\u2019est pas un bon point pour le 1<sup>er<\/sup> adjoint charg\u00e9 de la s\u00e9curit\u00e9. Ce qui est amusant dans cette p\u00e9tition c\u2019est qu\u2019appara\u00eet dans les signataires la mention du magasin de \u201cchaussures Thiar\u201d, mais que cette mention a \u00e9t\u00e9 ensuite barr\u00e9e.<\/p>\n<p>M. Thiar qui est conseiller municipal (ancien pr\u00e9sident de l\u2019association des amis de Sarkozy, homme de droite ralli\u00e9 \u00e0 M. Destot) a d\u00fb se rappeler subitement qu\u2019il avait parfois rencontr\u00e9 en majorit\u00e9 municipale M. Safar 1<sup>er<\/sup> adjoint, et que la signature de son commerce faisait caillou dans la chaussure de sa majorit\u00e9 de droite-gauche\u2026  Tout le monde peut se tromper, une simple erreur de taille\u2026<\/p>\n","protected":false},"excerpt":{"rendered":"<p>A la fin de l\u2019ann\u00e9e 2010, des commer\u00e7ants du centre ville envoyaient une p\u00e9tition au maire de Grenoble (copie au Pr\u00e9fet de l\u2019Is\u00e8re) pour d\u00e9noncer les nuisances provoqu\u00e9es par certaines personnes ayant des comportements g\u00eanants pour l\u2019activit\u00e9 commerciale. Dans cette p\u00e9tition, ces commer\u00e7ants indiquent qu\u2019ils connaissent bien M. Pilaud, par contre ils n\u2019ont jamais vu [&hellip;]<\/p>\n","protected":false},"author":1,"featured_media":0,"comment_status":"closed","ping_status":"open","sticky":false,"template":"","format":"standard","meta":{"twitterCardType":"","cardImageID":0,"cardImage":"","cardTitle":"","cardDesc":"","cardImageAlt":"","cardPlayer":"","cardPlayerWidth":0,"cardPlayerHeight":0,"cardPlayerStream":"","cardPlayerCodec":"","footnotes":""},"categories":[62,11],"tags":[],"class_list":["post-2964","post","type-post","status-publish","format-standard","hentry","category-le-rouge-le-vert-hebdo","category-politique-locale"],"_links":{"self":[{"href":"https:\/\/www.ades-grenoble.org\/wordpress\/wp-json\/wp\/v2\/posts\/2964","targetHints":{"allow":["GET"]}}],"collection":[{"href":"https:\/\/www.ades-grenoble.org\/wordpress\/wp-json\/wp\/v2\/posts"}],"about":[{"href":"https:\/\/www.ades-grenoble.org\/wordpress\/wp-json\/wp\/v2\/types\/post"}],"author":[{"embeddable":true,"href":"https:\/\/www.ades-grenoble.org\/wordpress\/wp-json\/wp\/v2\/users\/1"}],"replies":[{"embeddable":true,"href":"https:\/\/www.ades-grenoble.org\/wordpress\/wp-json\/wp\/v2\/comments?post=2964"}],"version-history":[{"count":3,"href":"https:\/\/www.ades-grenoble.org\/wordpress\/wp-json\/wp\/v2\/posts\/2964\/revisions"}],"predecessor-version":[{"id":3217,"href":"https:\/\/www.ades-grenoble.org\/wordpress\/wp-json\/wp\/v2\/posts\/2964\/revisions\/3217"}],"wp:attachment":[{"href":"https:\/\/www.ades-grenoble.org\/wordpress\/wp-json\/wp\/v2\/media?parent=2964"}],"wp:term":[{"taxonomy":"category","embeddable":true,"href":"https:\/\/www.ades-grenoble.org\/wordpress\/wp-json\/wp\/v2\/categories?post=2964"},{"taxonomy":"post_tag","embeddable":true,"href":"https:\/\/www.ades-grenoble.org\/wordpress\/wp-json\/wp\/v2\/tags?post=2964"}],"curies":[{"name":"wp","href":"https:\/\/api.w.org\/{rel}","templated":true}]}}