{"id":2967,"date":"2011-01-07T19:36:43","date_gmt":"2011-01-07T17:36:43","guid":{"rendered":"http:\/\/www.ades-grenoble.org\/wordpress\/?p=2967"},"modified":"2011-02-04T22:59:41","modified_gmt":"2011-02-04T20:59:41","slug":"gf38-suite-attention-a-la-fuite-d%e2%80%99argent-public","status":"publish","type":"post","link":"https:\/\/www.ades-grenoble.org\/wordpress\/2011\/01\/07\/gf38-suite-attention-a-la-fuite-d%e2%80%99argent-public\/","title":{"rendered":"GF38 suite, attention \u00e0 la fuite d\u2019argent public !"},"content":{"rendered":"<p>Le rachat du GF38 par M. Granturco devrait se \u201cfinaliser\u201d dans les semaines qui viennent. Le repreneur compte sur le soutien des contribuables de Grenoble et de la M\u00e9tro. A. Pilaud, adjoint au maire en charge des clubs professionnels confirme que la ville a une convention avec la soci\u00e9t\u00e9 priv\u00e9e GF38 pour des missions d\u2019int\u00e9r\u00eat g\u00e9n\u00e9ral\u00a0: contre la drogue, le hooliganisme et pour la gestion du centre de formation. Mani\u00e8re de doper les finances de la soci\u00e9t\u00e9 priv\u00e9e SAOS GF38 (SAOS comme soci\u00e9t\u00e9 anonyme \u00e0 objet sportif, et non SOS comme\u2026).<\/p>\n<p>Il est donc utile de rappeler ce qui est autoris\u00e9 comme subvention d\u2019une collectivit\u00e9 locale \u00e0 un club professionnel. Il y a trois activit\u00e9s qui sont reconnues d\u2019int\u00e9r\u00eat g\u00e9n\u00e9ral\u00a0(voir article R. 113-2 du code du sport)\u00a0:<\/p>\n<ul>\n<li>la \tformation, le perfectionnement et l&rsquo;insertion scolaire ou \tprofessionnelle des jeunes sportifs accueillis dans les centres de \tformations agr\u00e9\u00e9s\u00a0;<\/li>\n<li>la \tparticipation de l&rsquo;association ou de la soci\u00e9t\u00e9 \u00e0 des actions \td&rsquo;\u00e9ducation, d&rsquo;int\u00e9gration ou de coh\u00e9sion sociale\u00a0;<\/li>\n<li>la \tmise en \u0153uvre d&rsquo;actions visant \u00e0 l&rsquo;am\u00e9lioration de la s\u00e9curit\u00e9 \tdu public et \u00e0 la pr\u00e9vention de la violence dans les enceintes \tsportives.<\/li>\n<\/ul>\n<p>Il convient donc de rester vigilant sur les relations entre la ville et la soci\u00e9t\u00e9 GF38, comme sur le montant du loyer du stade que doit la soci\u00e9t\u00e9 GF38 \u00e0 La M\u00e9tro, et qui est tr\u00e8s loin de couvrir les frais de fonctionnement de l\u2019\u00e9quipement, sans parler des amortissements de l\u2019investissement (<a href=\"http:\/\/ofipopu.org\/wordpress\/2010\/06\/02\/lettre-n%c2%b017-bis-combien-coute-le-stade-des-alpes-a-la-metro\/\" target=\"_blank\">voir \u00e0 ce sujet les analyses de l&rsquo;OfiPoPu<\/a>).<\/p>\n<p>Quant aux achats d\u2019emplacements publicitaires par la ville et ses satellites, et les achats group\u00e9s de places par les collectivit\u00e9s, nous en parlerons prochainement.<\/p>\n<p>M. Granturco est un homme tr\u00e8s press\u00e9, il a fait un exc\u00e8s de vitesse important sur l\u2019autoroute en venant \u00e0 Grenoble et s\u2019est fait confisquer son v\u00e9hicule\u00a0!  La DNCG a fix\u00e9 au 20 janvier la date d\u2019appel pour le GF38 pour \u00e9viter la r\u00e9trogradation administrative (descente dans une division inf\u00e9rieure) et l\u2019interdiction de recruter. Le repreneur n\u00e9gocie toujours avec Index pour clarifier certains dossiers louches, dont il ne voudrait pas se retrouver en responsabilit\u00e9, va-t-il arriver \u00e0 ses fins\u00a0?<\/p>\n","protected":false},"excerpt":{"rendered":"<p>Le rachat du GF38 par M. Granturco devrait se \u201cfinaliser\u201d dans les semaines qui viennent. Le repreneur compte sur le soutien des contribuables de Grenoble et de la M\u00e9tro. A. Pilaud, adjoint au maire en charge des clubs professionnels confirme que la ville a une convention avec la soci\u00e9t\u00e9 priv\u00e9e GF38 pour des missions d\u2019int\u00e9r\u00eat [&hellip;]<\/p>\n","protected":false},"author":1,"featured_media":0,"comment_status":"closed","ping_status":"open","sticky":false,"template":"","format":"standard","meta":{"twitterCardType":"","cardImageID":0,"cardImage":"","cardTitle":"","cardDesc":"","cardImageAlt":"","cardPlayer":"","cardPlayerWidth":0,"cardPlayerHeight":0,"cardPlayerStream":"","cardPlayerCodec":"","footnotes":""},"categories":[16],"tags":[73,233],"class_list":["post-2967","post","type-post","status-publish","format-standard","hentry","category-stade","tag-sports","tag-stade"],"_links":{"self":[{"href":"https:\/\/www.ades-grenoble.org\/wordpress\/wp-json\/wp\/v2\/posts\/2967","targetHints":{"allow":["GET"]}}],"collection":[{"href":"https:\/\/www.ades-grenoble.org\/wordpress\/wp-json\/wp\/v2\/posts"}],"about":[{"href":"https:\/\/www.ades-grenoble.org\/wordpress\/wp-json\/wp\/v2\/types\/post"}],"author":[{"embeddable":true,"href":"https:\/\/www.ades-grenoble.org\/wordpress\/wp-json\/wp\/v2\/users\/1"}],"replies":[{"embeddable":true,"href":"https:\/\/www.ades-grenoble.org\/wordpress\/wp-json\/wp\/v2\/comments?post=2967"}],"version-history":[{"count":5,"href":"https:\/\/www.ades-grenoble.org\/wordpress\/wp-json\/wp\/v2\/posts\/2967\/revisions"}],"predecessor-version":[{"id":3214,"href":"https:\/\/www.ades-grenoble.org\/wordpress\/wp-json\/wp\/v2\/posts\/2967\/revisions\/3214"}],"wp:attachment":[{"href":"https:\/\/www.ades-grenoble.org\/wordpress\/wp-json\/wp\/v2\/media?parent=2967"}],"wp:term":[{"taxonomy":"category","embeddable":true,"href":"https:\/\/www.ades-grenoble.org\/wordpress\/wp-json\/wp\/v2\/categories?post=2967"},{"taxonomy":"post_tag","embeddable":true,"href":"https:\/\/www.ades-grenoble.org\/wordpress\/wp-json\/wp\/v2\/tags?post=2967"}],"curies":[{"name":"wp","href":"https:\/\/api.w.org\/{rel}","templated":true}]}}