{"id":2973,"date":"2011-01-07T19:38:14","date_gmt":"2011-01-07T17:38:14","guid":{"rendered":"http:\/\/www.ades-grenoble.org\/wordpress\/?p=2973"},"modified":"2011-02-04T22:59:35","modified_gmt":"2011-02-04T20:59:35","slug":"le-tour-de-france-voila-l%e2%80%99essentiel-des-voeux-du-maire-de-grenoble-pour-2011","status":"publish","type":"post","link":"https:\/\/www.ades-grenoble.org\/wordpress\/2011\/01\/07\/le-tour-de-france-voila-l%e2%80%99essentiel-des-voeux-du-maire-de-grenoble-pour-2011\/","title":{"rendered":"Le tour de France : voil\u00e0 l\u2019essentiel des v\u0153ux du maire de Grenoble pour 2011 !"},"content":{"rendered":"<p>A cot\u00e9 des v\u0153ux et souhaits classiques, M. Destot pr\u00e9cise dans son communiqu\u00e9 de d\u00e9but d\u2019ann\u00e9e\u00a0: <em>\u201c\u00a0l&rsquo;ann\u00e9e 2011 sera notamment marqu\u00e9e par le passage du tour de France \u00e0 Grenoble avec une grande \u00e9tape de contre-la-montre qui pourrait s&rsquo;av\u00e9rer strat\u00e9gique la veille de l&rsquo;arriv\u00e9e sur les Champs-Elys\u00e9es.\u00a0\u201d<\/em><\/p>\n<p>D\u00e9cid\u00e9ment le maire se dope aux \u00e9v\u00e8nements m\u00e9diatiques qui vont faire parler de Grenoble\u00a0; il adore aussi recevoir des prix m\u00eame s\u2019il oublie vite qui a \u00e9t\u00e9 le v\u00e9ritable promoteur de l\u2019action qui a \u00e9t\u00e9 prim\u00e9e (notamment tout ce qui tourne autour du quartier de Bonne).<\/p>\n<p>Nous sommes pour que la mairie aide des activit\u00e9s festives douces, conviviales et de proximit\u00e9, dont le co\u00fbt soit mod\u00e9r\u00e9 et non des d\u00e9penses inconsid\u00e9r\u00e9es qui obligent ensuite \u00e0 augmenter les imp\u00f4ts (jeux de neige pour la pr\u00e9paration des JO, tour de France\u2026), en cette p\u00e9riode difficile il y a mieux \u00e0 faire.<\/p>\n","protected":false},"excerpt":{"rendered":"<p>A cot\u00e9 des v\u0153ux et souhaits classiques, M. Destot pr\u00e9cise dans son communiqu\u00e9 de d\u00e9but d\u2019ann\u00e9e\u00a0: \u201c\u00a0l&rsquo;ann\u00e9e 2011 sera notamment marqu\u00e9e par le passage du tour de France \u00e0 Grenoble avec une grande \u00e9tape de contre-la-montre qui pourrait s&rsquo;av\u00e9rer strat\u00e9gique la veille de l&rsquo;arriv\u00e9e sur les Champs-Elys\u00e9es.\u00a0\u201d D\u00e9cid\u00e9ment le maire se dope aux \u00e9v\u00e8nements m\u00e9diatiques [&hellip;]<\/p>\n","protected":false},"author":1,"featured_media":0,"comment_status":"closed","ping_status":"open","sticky":false,"template":"","format":"standard","meta":{"twitterCardType":"","cardImageID":0,"cardImage":"","cardTitle":"","cardDesc":"","cardImageAlt":"","cardPlayer":"","cardPlayerWidth":0,"cardPlayerHeight":0,"cardPlayerStream":"","cardPlayerCodec":"","footnotes":""},"categories":[11],"tags":[73],"class_list":["post-2973","post","type-post","status-publish","format-standard","hentry","category-politique-locale","tag-sports"],"_links":{"self":[{"href":"https:\/\/www.ades-grenoble.org\/wordpress\/wp-json\/wp\/v2\/posts\/2973","targetHints":{"allow":["GET"]}}],"collection":[{"href":"https:\/\/www.ades-grenoble.org\/wordpress\/wp-json\/wp\/v2\/posts"}],"about":[{"href":"https:\/\/www.ades-grenoble.org\/wordpress\/wp-json\/wp\/v2\/types\/post"}],"author":[{"embeddable":true,"href":"https:\/\/www.ades-grenoble.org\/wordpress\/wp-json\/wp\/v2\/users\/1"}],"replies":[{"embeddable":true,"href":"https:\/\/www.ades-grenoble.org\/wordpress\/wp-json\/wp\/v2\/comments?post=2973"}],"version-history":[{"count":3,"href":"https:\/\/www.ades-grenoble.org\/wordpress\/wp-json\/wp\/v2\/posts\/2973\/revisions"}],"predecessor-version":[{"id":3213,"href":"https:\/\/www.ades-grenoble.org\/wordpress\/wp-json\/wp\/v2\/posts\/2973\/revisions\/3213"}],"wp:attachment":[{"href":"https:\/\/www.ades-grenoble.org\/wordpress\/wp-json\/wp\/v2\/media?parent=2973"}],"wp:term":[{"taxonomy":"category","embeddable":true,"href":"https:\/\/www.ades-grenoble.org\/wordpress\/wp-json\/wp\/v2\/categories?post=2973"},{"taxonomy":"post_tag","embeddable":true,"href":"https:\/\/www.ades-grenoble.org\/wordpress\/wp-json\/wp\/v2\/tags?post=2973"}],"curies":[{"name":"wp","href":"https:\/\/api.w.org\/{rel}","templated":true}]}}