{"id":2976,"date":"2011-01-07T19:39:49","date_gmt":"2011-01-07T17:39:49","guid":{"rendered":"http:\/\/www.ades-grenoble.org\/wordpress\/?p=2976"},"modified":"2011-02-04T22:59:25","modified_gmt":"2011-02-04T20:59:25","slug":"disparition-de-yves-eveno","status":"publish","type":"post","link":"https:\/\/www.ades-grenoble.org\/wordpress\/2011\/01\/07\/disparition-de-yves-eveno\/","title":{"rendered":"Disparition de Yves EVENO"},"content":{"rendered":"<p>Monsieur Yves EVENO est mort il y a quelques jours, Jean Marc Cantele, ancien adjoint au maire, \u00e9tait son ami, il nous transmet ce billet\u00a0:<\/p>\n<p>C\u2019est dans nos fonctions respectives que nous avons fait connaissance il y a maintenant dix ans. Monsieur Eveno \u00e9tait pr\u00e9sident des DDEN (d\u00e9l\u00e9gu\u00e9 d\u00e9partemental de l\u2019Education Nationale). Les DDEN sont nomm\u00e9s officiellement par l\u2019Inspecteur d\u2019Acad\u00e9mie pour veiller sur les \u00e9coles qui leur sont confi\u00e9es en raison de leur \u00ab\u00a0attachement incontest\u00e9 \u00e0 la cause de l\u2019enseignement public\u00a0\u00bb. Je prenais mes fonctions d\u2019adjoint au maire charg\u00e9 de l\u2019\u00e9ducation et j\u2019ignorais alors jusqu\u2019\u00e0 l\u2019existence m\u00eame des DDEN, mais j\u2019ai vite appris qui \u00e9tait leur pr\u00e9sident. Nos premi\u00e8res rencontres ne furent pas de tout repos, rudes m\u00eame, comme si chacun testait les convictions et la sinc\u00e9rit\u00e9 de l\u2019autre. Une fois ces barri\u00e8res tomb\u00e9es, la confiance \u00e9tait l\u00e0. Nous nous sommes appr\u00e9ci\u00e9s et avons construit peu \u00e0 peu sinon une amiti\u00e9 du moins une forme de connivence et de complicit\u00e9 faite d\u2019affection. On dit souvent que l\u2019on ne trouve que des qualit\u00e9s \u00e0 celui qui vient de nous quitter. Mais comment dire autrement \u00e0 propos de Yves EVENO qu\u2019il \u00e9tait un homme rigoureux, droit, sinc\u00e8re, la d\u00e9fense de l\u2019int\u00e9r\u00eat g\u00e9n\u00e9ral chevill\u00e9e au corps, militant de tous les instants, r\u00e9fractaire \u00e9pidermique \u00e0 toute forme d\u2019injustice et d\u2019une grande g\u00e9n\u00e9rosit\u00e9. Alors venons en aux d\u00e9fauts. Yves EVENO \u00e9tait bourru, t\u00eatu, rien de surprenant, obstin\u00e9, exigeant avec les autres et encore plus avec lui-m\u00eame, mais s\u2019agit-il l\u00e0 de d\u00e9fauts\u00a0? Tout cela cachait une grande pudeur, et une profonde sensibilit\u00e9.  Il m\u2019est rest\u00e9 en m\u00e9moire cette soir\u00e9e que l\u2019ADES avait organis\u00e9e sur le th\u00e8me de la la\u00efcit\u00e9, et c\u2019est \u00e9videmment vers Yves EVENO que nous nous \u00e9tions tourn\u00e9s. Il  avait fait comme \u00e0 son habitude, une intervention brillante et les r\u00e9ponses aux questions du public le furent tout autant. Il n\u2019\u00e9tait bien s\u00fbr pas question de le d\u00e9dommager de cette animation, alors nous avons d\u00e9cid\u00e9 de lui offrir un petit pr\u00e9sent qu\u2019Yves a aussit\u00f4t refus\u00e9. Mais pour une fois nous avons \u00e9t\u00e9 les plus t\u00eatus et je me souviens ce jour-l\u00e0  de ses yeux embu\u00e9es et de ses sanglots dans la voix.  C\u2019est l\u2019image que je garderai de Yves EVENO, celle d\u2019un homme de tous les combats et d\u2019une grande humanit\u00e9. Voil\u00e0, pour \u00eatre digne de vous, Yves, nous allons continuer \u00e0 ne rien l\u00e2cher, nous allons continuer, comme vous l\u2019avez toujours fait, \u00e0 nous indigner et agir. Vous pouvez compter sur nous.<\/p>\n","protected":false},"excerpt":{"rendered":"<p>Monsieur Yves EVENO est mort il y a quelques jours, Jean Marc Cantele, ancien adjoint au maire, \u00e9tait son ami, il nous transmet ce billet\u00a0: C\u2019est dans nos fonctions respectives que nous avons fait connaissance il y a maintenant dix ans. Monsieur Eveno \u00e9tait pr\u00e9sident des DDEN (d\u00e9l\u00e9gu\u00e9 d\u00e9partemental de l\u2019Education Nationale). Les DDEN sont [&hellip;]<\/p>\n","protected":false},"author":1,"featured_media":0,"comment_status":"closed","ping_status":"open","sticky":false,"template":"","format":"standard","meta":{"twitterCardType":"","cardImageID":0,"cardImage":"","cardTitle":"","cardDesc":"","cardImageAlt":"","cardPlayer":"","cardPlayerWidth":0,"cardPlayerHeight":0,"cardPlayerStream":"","cardPlayerCodec":"","footnotes":""},"categories":[62],"tags":[],"class_list":["post-2976","post","type-post","status-publish","format-standard","hentry","category-le-rouge-le-vert-hebdo"],"_links":{"self":[{"href":"https:\/\/www.ades-grenoble.org\/wordpress\/wp-json\/wp\/v2\/posts\/2976","targetHints":{"allow":["GET"]}}],"collection":[{"href":"https:\/\/www.ades-grenoble.org\/wordpress\/wp-json\/wp\/v2\/posts"}],"about":[{"href":"https:\/\/www.ades-grenoble.org\/wordpress\/wp-json\/wp\/v2\/types\/post"}],"author":[{"embeddable":true,"href":"https:\/\/www.ades-grenoble.org\/wordpress\/wp-json\/wp\/v2\/users\/1"}],"replies":[{"embeddable":true,"href":"https:\/\/www.ades-grenoble.org\/wordpress\/wp-json\/wp\/v2\/comments?post=2976"}],"version-history":[{"count":3,"href":"https:\/\/www.ades-grenoble.org\/wordpress\/wp-json\/wp\/v2\/posts\/2976\/revisions"}],"predecessor-version":[{"id":3212,"href":"https:\/\/www.ades-grenoble.org\/wordpress\/wp-json\/wp\/v2\/posts\/2976\/revisions\/3212"}],"wp:attachment":[{"href":"https:\/\/www.ades-grenoble.org\/wordpress\/wp-json\/wp\/v2\/media?parent=2976"}],"wp:term":[{"taxonomy":"category","embeddable":true,"href":"https:\/\/www.ades-grenoble.org\/wordpress\/wp-json\/wp\/v2\/categories?post=2976"},{"taxonomy":"post_tag","embeddable":true,"href":"https:\/\/www.ades-grenoble.org\/wordpress\/wp-json\/wp\/v2\/tags?post=2976"}],"curies":[{"name":"wp","href":"https:\/\/api.w.org\/{rel}","templated":true}]}}