{"id":2988,"date":"2011-01-07T19:49:35","date_gmt":"2011-01-07T17:49:35","guid":{"rendered":"http:\/\/www.ades-grenoble.org\/wordpress\/?p=2988"},"modified":"2011-02-04T22:59:08","modified_gmt":"2011-02-04T20:59:08","slug":"mounier-attention-periode-dangereuse-remobilisons-nous","status":"publish","type":"post","link":"https:\/\/www.ades-grenoble.org\/wordpress\/2011\/01\/07\/mounier-attention-periode-dangereuse-remobilisons-nous\/","title":{"rendered":"Mounier, attention p\u00e9riode dangereuse, remobilisons nous"},"content":{"rendered":"<p><img loading=\"lazy\" decoding=\"async\" class=\"alignleft size-medium wp-image-2431\" title=\"we-love-mounier\" src=\"http:\/\/www.ades-grenoble.org\/wordpress\/wp-content\/uploads\/2010\/10\/we-love-mounier-300x145.jpg\" alt=\"\" width=\"180\" height=\"87\" srcset=\"https:\/\/www.ades-grenoble.org\/wordpress\/wp-content\/uploads\/2010\/10\/we-love-mounier-300x145.jpg 300w, https:\/\/www.ades-grenoble.org\/wordpress\/wp-content\/uploads\/2010\/10\/we-love-mounier-150x72.jpg 150w, https:\/\/www.ades-grenoble.org\/wordpress\/wp-content\/uploads\/2010\/10\/we-love-mounier.jpg 442w\" sizes=\"auto, (max-width: 180px) 100vw, 180px\" \/>Le recteur de l\u2019Acad\u00e9mie ne veut pas entrer dans la m\u00e9canique de la m\u00e9diation et acc\u00e9l\u00e8re la r\u00e9partition des secondes dans les autres lyc\u00e9es pendant que le Pr\u00e9sident de la r\u00e9gion se tait et laisse faire. D\u00e9cid\u00e9ment Mounier devient un\u2026 cas d&rsquo;\u00e9cole en mati\u00e8re de mauvais choix des d\u00e9cideurs des politiques publiques !<\/p>\n<p>Rappel : le Pr\u00e9sident de la R\u00e9gion envoie une lettre au recteur le 25 novembre 2010 pour lui demander de ne pas inscrire de nouveaux \u00e9l\u00e8ves \u00e0 Mounier \u00e0 la rentr\u00e9e 2011 pour des raisons de s\u00e9curit\u00e9. Au m\u00eame moment, sous la pression de sa majorit\u00e9, JJ. Queyranne se rend \u00e0 l\u2019avis de Philippe M\u00e9rieu (Europe Ecologie les Verts) et engage une m\u00e9diation, mais il ne signale pas au recteur que sa d\u00e9cision pr\u00e9c\u00e9dente n\u2019est plus valable, car il ne veut pas reculer officiellement. Il y a un double jeu o\u00f9 chacun se renvoie la patate chaude. Il devient urgent que le Pr\u00e9sident de la r\u00e9gion retire sa d\u00e9cision de mani\u00e8re claire et officielle afin que le recteur n\u2019ait plus la possibilit\u00e9 de se r\u00e9fugier derri\u00e8re sa lettre du 25 novembre 2010. Il est urgent que les propositions des m\u00e9diateurs soient rendues publiques afin de savoir si il y a une sortie honorable pour tout le monde ou pas. Aux derni\u00e8res nouvelles, le rapport des m\u00e9diateurs sera remis le 11 janvier au Pr\u00e9sident de la r\u00e9gion qui devrait le transmettre sans d\u00e9lai aux diff\u00e9rents int\u00e9ress\u00e9s.<\/p>\n<p>Le maire de Grenoble est d\u2019une grande mollesse sur ce dossier (il avait d\u2019abord soutenu sans r\u00e9serve le Pr\u00e9sident de la R\u00e9gion, puis avait pris l\u00e9g\u00e8rement ses distances), il devrait au contraire taper du poing sur la table puisqu\u2019il est le responsable des questions de s\u00e9curit\u00e9 li\u00e9es aux b\u00e2timents et que tous les rapports d\u2019experts d\u00e9crivent une situation datant de longues ann\u00e9es, sans \u00e9volution significative, qui aurait pu justifier une action urgente.<\/p>\n<p>Tout doit \u00eatre fait rapidement pour arr\u00eater ce \u201c\u00a0bal des faux-culs\u00a0\u201d et assurer une rentr\u00e9e \u00e0 Mounier en septembre 2011 qui maintienne la communaut\u00e9 \u00e9ducative dont la mobilisation reste exemplaire.<\/p>\n","protected":false},"excerpt":{"rendered":"<p>Le recteur de l\u2019Acad\u00e9mie ne veut pas entrer dans la m\u00e9canique de la m\u00e9diation et acc\u00e9l\u00e8re la r\u00e9partition des secondes dans les autres lyc\u00e9es pendant que le Pr\u00e9sident de la r\u00e9gion se tait et laisse faire. D\u00e9cid\u00e9ment Mounier devient un\u2026 cas d&rsquo;\u00e9cole en mati\u00e8re de mauvais choix des d\u00e9cideurs des politiques publiques ! Rappel : [&hellip;]<\/p>\n","protected":false},"author":1,"featured_media":0,"comment_status":"closed","ping_status":"open","sticky":false,"template":"","format":"standard","meta":{"twitterCardType":"","cardImageID":0,"cardImage":"","cardTitle":"","cardDesc":"","cardImageAlt":"","cardPlayer":"","cardPlayerWidth":0,"cardPlayerHeight":0,"cardPlayerStream":"","cardPlayerCodec":"","footnotes":""},"categories":[62],"tags":[79,84],"class_list":["post-2988","post","type-post","status-publish","format-standard","hentry","category-le-rouge-le-vert-hebdo","tag-conseil-regional","tag-mounier"],"_links":{"self":[{"href":"https:\/\/www.ades-grenoble.org\/wordpress\/wp-json\/wp\/v2\/posts\/2988","targetHints":{"allow":["GET"]}}],"collection":[{"href":"https:\/\/www.ades-grenoble.org\/wordpress\/wp-json\/wp\/v2\/posts"}],"about":[{"href":"https:\/\/www.ades-grenoble.org\/wordpress\/wp-json\/wp\/v2\/types\/post"}],"author":[{"embeddable":true,"href":"https:\/\/www.ades-grenoble.org\/wordpress\/wp-json\/wp\/v2\/users\/1"}],"replies":[{"embeddable":true,"href":"https:\/\/www.ades-grenoble.org\/wordpress\/wp-json\/wp\/v2\/comments?post=2988"}],"version-history":[{"count":5,"href":"https:\/\/www.ades-grenoble.org\/wordpress\/wp-json\/wp\/v2\/posts\/2988\/revisions"}],"predecessor-version":[{"id":3209,"href":"https:\/\/www.ades-grenoble.org\/wordpress\/wp-json\/wp\/v2\/posts\/2988\/revisions\/3209"}],"wp:attachment":[{"href":"https:\/\/www.ades-grenoble.org\/wordpress\/wp-json\/wp\/v2\/media?parent=2988"}],"wp:term":[{"taxonomy":"category","embeddable":true,"href":"https:\/\/www.ades-grenoble.org\/wordpress\/wp-json\/wp\/v2\/categories?post=2988"},{"taxonomy":"post_tag","embeddable":true,"href":"https:\/\/www.ades-grenoble.org\/wordpress\/wp-json\/wp\/v2\/tags?post=2988"}],"curies":[{"name":"wp","href":"https:\/\/api.w.org\/{rel}","templated":true}]}}