{"id":3019,"date":"2011-01-14T21:14:20","date_gmt":"2011-01-14T19:14:20","guid":{"rendered":"http:\/\/www.ades-grenoble.org\/wordpress\/?p=3019"},"modified":"2011-02-04T23:00:48","modified_gmt":"2011-02-04T21:00:48","slug":"un-homme-en-or","status":"publish","type":"post","link":"https:\/\/www.ades-grenoble.org\/wordpress\/2011\/01\/14\/un-homme-en-or\/","title":{"rendered":"Un homme en or"},"content":{"rendered":"<p>Fondateur de \u00ab\u00a0Poweo\u00a0\u00bb et autres pompes \u00e0 finances comme Selftrade (courtage en ligne) ou Audacia (apports de fonds propres aux entreprises), Charles Beigbeder est un homme qui fait des affaires. Candidat malheureux \u00e0 la pr\u00e9sidence du MEDEF en 2005, il pr\u00f4nait une r\u00e9forme du code du travail pour d\u00e9r\u00e9glementer les embauches et faciliter les licenciements. Fait chevalier de la l\u00e9gion d\u2019honneur par N. Sarkozy, ce dernier vient de d\u00e9signer notre homme d\u2019affaires pr\u00e9sident du Groupement d\u2019Int\u00e9r\u00eat Public (GIP) charg\u00e9 de promouvoir la candidature de Annecy aux JO 2018. C\u2019est dire quelle id\u00e9e du sport on se fait au plus haut niveau de l\u2019Etat. Cette nomination n\u2019a toutefois pas eu l\u2019heur de plaire au Pr\u00e9sident du Conseil R\u00e9gional qui est partie prenante de ce GIP. Et J.J Queyranne n\u2019a pas m\u00e2ch\u00e9 ses mots en d\u00e9clarant\u00a0:\u00a0\u00ab\u00a0on est a c\u00f4t\u00e9 de la plaque, pourquoi ne pas faire appel \u00e0 un animateur TV tant qu\u2019on y est\u00a0\u00bb, cette d\u00e9cision, a-t-il ajout\u00e9, a \u00e9t\u00e9 prise \u00ab\u00a0en dehors de toute concertation avec les partenaires\u00a0\u00bb. Mais n\u00e9anmoins il continue de faire payer la R\u00e9gion pour la candidature d\u2019Annecy.<\/p>\n<p><img loading=\"lazy\" decoding=\"async\" class=\"alignleft size-thumbnail wp-image-2431\" title=\"we-love-mounier\" src=\"http:\/\/www.ades-grenoble.org\/wordpress\/wp-content\/uploads\/2010\/10\/we-love-mounier-150x72.jpg\" alt=\"\" width=\"150\" height=\"72\" srcset=\"https:\/\/www.ades-grenoble.org\/wordpress\/wp-content\/uploads\/2010\/10\/we-love-mounier-150x72.jpg 150w, https:\/\/www.ades-grenoble.org\/wordpress\/wp-content\/uploads\/2010\/10\/we-love-mounier-300x145.jpg 300w, https:\/\/www.ades-grenoble.org\/wordpress\/wp-content\/uploads\/2010\/10\/we-love-mounier.jpg 442w\" sizes=\"auto, (max-width: 150px) 100vw, 150px\" \/>On aurait tant aim\u00e9 que dans le dossier Mounier, J.J Queyranne s\u2019appliqu\u00e2t \u00e0 lui-m\u00eame ce qu\u2019il vient \u00e0 juste titre de reprocher \u00e0 d\u2019autres. Cette r\u00e9action l\u2019aidera-t-elle \u00e0 tirer les enseignements n\u00e9cessaires et \u00e0 revoir sa copie\u00a0?<\/p>\n<p>Alors, Monsieur le Pr\u00e9sident du Conseil R\u00e9gional, r\u00e9unissez le Recteur d\u2019acad\u00e9mie et le maire de Grenoble. Rappelez au premier que les locaux du lyc\u00e9e Mounier que vous vous engagez \u00e0 reconstruire rel\u00e8vent de la responsabilit\u00e9 du Conseil r\u00e9gional, quant aux postes d\u2019enseignants, ils devront \u00eatre mis, non pas ailleurs, mais en face des \u00e9l\u00e8ves \u00e0 la rentr\u00e9e 2011 sur le site actuel. Indiquez au second qu\u2019il arr\u00eate enfin de louvoyer et appuie votre d\u00e9marche. Annoncez cela et la fin de cet horrible embrouillamini qui n\u2019a que trop dur\u00e9, pour les Mounier et les Grenoblois et l\u2019on vous d\u00e9cernera la m\u00e9daille d\u2019or de la d\u00e9mocratie.<\/p>\n","protected":false},"excerpt":{"rendered":"<p>Fondateur de \u00ab\u00a0Poweo\u00a0\u00bb et autres pompes \u00e0 finances comme Selftrade (courtage en ligne) ou Audacia (apports de fonds propres aux entreprises), Charles Beigbeder est un homme qui fait des affaires. Candidat malheureux \u00e0 la pr\u00e9sidence du MEDEF en 2005, il pr\u00f4nait une r\u00e9forme du code du travail pour d\u00e9r\u00e9glementer les embauches et faciliter les licenciements. [&hellip;]<\/p>\n","protected":false},"author":1,"featured_media":0,"comment_status":"closed","ping_status":"open","sticky":false,"template":"","format":"standard","meta":{"twitterCardType":"","cardImageID":0,"cardImage":"","cardTitle":"","cardDesc":"","cardImageAlt":"","cardPlayer":"","cardPlayerWidth":0,"cardPlayerHeight":0,"cardPlayerStream":"","cardPlayerCodec":"","footnotes":""},"categories":[11],"tags":[79,20,84],"class_list":["post-3019","post","type-post","status-publish","format-standard","hentry","category-politique-locale","tag-conseil-regional","tag-jo","tag-mounier"],"_links":{"self":[{"href":"https:\/\/www.ades-grenoble.org\/wordpress\/wp-json\/wp\/v2\/posts\/3019","targetHints":{"allow":["GET"]}}],"collection":[{"href":"https:\/\/www.ades-grenoble.org\/wordpress\/wp-json\/wp\/v2\/posts"}],"about":[{"href":"https:\/\/www.ades-grenoble.org\/wordpress\/wp-json\/wp\/v2\/types\/post"}],"author":[{"embeddable":true,"href":"https:\/\/www.ades-grenoble.org\/wordpress\/wp-json\/wp\/v2\/users\/1"}],"replies":[{"embeddable":true,"href":"https:\/\/www.ades-grenoble.org\/wordpress\/wp-json\/wp\/v2\/comments?post=3019"}],"version-history":[{"count":6,"href":"https:\/\/www.ades-grenoble.org\/wordpress\/wp-json\/wp\/v2\/posts\/3019\/revisions"}],"predecessor-version":[{"id":3218,"href":"https:\/\/www.ades-grenoble.org\/wordpress\/wp-json\/wp\/v2\/posts\/3019\/revisions\/3218"}],"wp:attachment":[{"href":"https:\/\/www.ades-grenoble.org\/wordpress\/wp-json\/wp\/v2\/media?parent=3019"}],"wp:term":[{"taxonomy":"category","embeddable":true,"href":"https:\/\/www.ades-grenoble.org\/wordpress\/wp-json\/wp\/v2\/categories?post=3019"},{"taxonomy":"post_tag","embeddable":true,"href":"https:\/\/www.ades-grenoble.org\/wordpress\/wp-json\/wp\/v2\/tags?post=3019"}],"curies":[{"name":"wp","href":"https:\/\/api.w.org\/{rel}","templated":true}]}}