{"id":3077,"date":"2011-01-21T21:33:14","date_gmt":"2011-01-21T19:33:14","guid":{"rendered":"http:\/\/www.ades-grenoble.org\/wordpress\/?p=3077"},"modified":"2011-03-05T16:13:59","modified_gmt":"2011-03-05T14:13:59","slug":"villeneuve-enquete-publique-sur-les-silos","status":"publish","type":"post","link":"https:\/\/www.ades-grenoble.org\/wordpress\/2011\/01\/21\/villeneuve-enquete-publique-sur-les-silos\/","title":{"rendered":"Villeneuve, enqu\u00eate publique sur les silos"},"content":{"rendered":"<p>Actuellement se d\u00e9roule l\u2019enqu\u00eate publique sur la d\u00e9molition des silos (parkings) \u00e0 l\u2019Arlequin. Elle se termine le 7 f\u00e9vrier. Il est important d\u2019aller expliquer que contrairement \u00e0 ce que dit la majorit\u00e9 municipale, cette action n\u2019est pas d\u2019utilit\u00e9 publique puisque un projet moins cher et rendant un meilleur service est propos\u00e9 par de nombreux habitants.<\/p>\n<p>Au lieu de raser des silos et d\u2019en construire un tout neuf qui ne remplacera pas les places d\u00e9truites loin de l\u00e0, il serait plus s\u00e9rieux de pr\u00e9voir la r\u00e9novation des silos 3, 4 et 5 dont l\u2019entretien a \u00e9t\u00e9 abandonn\u00e9, la ville ne remplissant pas son r\u00f4le de copropri\u00e9taire durant de nombreuses ann\u00e9es.<\/p>\n<p>Le nouveau projet r\u00e9alisera \u00e0 peine 500 places de parking et en d\u00e9truira plus de 1300. Actuellement le stationnement dans le quartier de l\u2019Arlequin devient tr\u00e8s difficile et si la ville veut faire venir des habitants pour organiser la mixit\u00e9 sociale, une des premi\u00e8res conditions est de pouvoir assurer un stationnement en ouvrage au plus pr\u00e8s des habitations. L\u2019\u00e9loignement des garages et leur diminution en nombre sera tr\u00e8s dissuasif. De plus cela co\u00fbterait bien  moins cher (7 M\u20ac) de r\u00e9nover l\u2019existant que de le d\u00e9truire et construire le nouveau silo (14 M\u20ac) dont la gestion serait donn\u00e9e \u00e0 une soci\u00e9t\u00e9 priv\u00e9e.<\/p>\n<p>Toute personne utilisatrice du stationnement \u00e0 l\u2019Arlequin est int\u00e9ress\u00e9e \u00e0 ce que les bons choix soient faits et doit donc aller faire part de ses remarques dans les registres d\u2019enqu\u00eate publique, soit \u00e0 la mairie soit \u00e0 l\u2019antenne du secteur 6 et ce avant le 7 f\u00e9vrier.<\/p>\n","protected":false},"excerpt":{"rendered":"<p>Actuellement se d\u00e9roule l\u2019enqu\u00eate publique sur la d\u00e9molition des silos (parkings) \u00e0 l\u2019Arlequin. Elle se termine le 7 f\u00e9vrier. Il est important d\u2019aller expliquer que contrairement \u00e0 ce que dit la majorit\u00e9 municipale, cette action n\u2019est pas d\u2019utilit\u00e9 publique puisque un projet moins cher et rendant un meilleur service est propos\u00e9 par de nombreux habitants. [&hellip;]<\/p>\n","protected":false},"author":1,"featured_media":0,"comment_status":"closed","ping_status":"open","sticky":false,"template":"","format":"standard","meta":{"twitterCardType":"","cardImageID":0,"cardImage":"","cardTitle":"","cardDesc":"","cardImageAlt":"","cardPlayer":"","cardPlayerWidth":0,"cardPlayerHeight":0,"cardPlayerStream":"","cardPlayerCodec":"","footnotes":""},"categories":[62],"tags":[39,82],"class_list":["post-3077","post","type-post","status-publish","format-standard","hentry","category-le-rouge-le-vert-hebdo","tag-enquetes-publiques","tag-villeneuve"],"_links":{"self":[{"href":"https:\/\/www.ades-grenoble.org\/wordpress\/wp-json\/wp\/v2\/posts\/3077","targetHints":{"allow":["GET"]}}],"collection":[{"href":"https:\/\/www.ades-grenoble.org\/wordpress\/wp-json\/wp\/v2\/posts"}],"about":[{"href":"https:\/\/www.ades-grenoble.org\/wordpress\/wp-json\/wp\/v2\/types\/post"}],"author":[{"embeddable":true,"href":"https:\/\/www.ades-grenoble.org\/wordpress\/wp-json\/wp\/v2\/users\/1"}],"replies":[{"embeddable":true,"href":"https:\/\/www.ades-grenoble.org\/wordpress\/wp-json\/wp\/v2\/comments?post=3077"}],"version-history":[{"count":4,"href":"https:\/\/www.ades-grenoble.org\/wordpress\/wp-json\/wp\/v2\/posts\/3077\/revisions"}],"predecessor-version":[{"id":3080,"href":"https:\/\/www.ades-grenoble.org\/wordpress\/wp-json\/wp\/v2\/posts\/3077\/revisions\/3080"}],"wp:attachment":[{"href":"https:\/\/www.ades-grenoble.org\/wordpress\/wp-json\/wp\/v2\/media?parent=3077"}],"wp:term":[{"taxonomy":"category","embeddable":true,"href":"https:\/\/www.ades-grenoble.org\/wordpress\/wp-json\/wp\/v2\/categories?post=3077"},{"taxonomy":"post_tag","embeddable":true,"href":"https:\/\/www.ades-grenoble.org\/wordpress\/wp-json\/wp\/v2\/tags?post=3077"}],"curies":[{"name":"wp","href":"https:\/\/api.w.org\/{rel}","templated":true}]}}