{"id":3081,"date":"2011-01-21T21:38:40","date_gmt":"2011-01-21T19:38:40","guid":{"rendered":"http:\/\/www.ades-grenoble.org\/wordpress\/?p=3081"},"modified":"2011-05-17T20:09:54","modified_gmt":"2011-05-17T18:09:54","slug":"petits-potins-politiques","status":"publish","type":"post","link":"https:\/\/www.ades-grenoble.org\/wordpress\/2011\/01\/21\/petits-potins-politiques\/","title":{"rendered":"Petits potins politiques"},"content":{"rendered":"<p>Le \tPS a pr\u00e9sent\u00e9 ses candidats aux \u00e9lections cantonales des 20 et 27 \tmars prochain en Is\u00e8re.  Cherchez les femmes\u2026 Sur 26 cantons \tseules 5 femmes sont candidates titulaires. La parit\u00e9 avance \u00e0 \tgrands pas, ou alors c\u2019est la pr\u00e9figuration de la future \tassembl\u00e9e territoriale.<\/p>\n<p>L\u2019UMP38 est sous tutelle parisienne, \tc\u2019est le calme plat. On apprend tout de m\u00eame un scoop : il parait qu\u2019Alain \tCarignon (le corrompu) aurait dit qu\u2019il avait renonc\u00e9 \u00e0 la vie \tpublique is\u00e9roise. La guerre entre pro et anti Carignon serait donc \tenfin termin\u00e9e\u00a0!   Une telle annonce a d\u00e9j\u00e0 \u00e9t\u00e9 faite dans \tle pass\u00e9. Nous observerons avec attention  les r\u00e9sultats des \t\u00e9lections internes au printemps prochain.<\/p>\n<p>La \tvie politique n\u2019est pas un long fleuve tranquille \u00e0 Echirolles. \tLe 15 janvier, le Dauphin\u00e9 Lib\u00e9r\u00e9 annonce que le conseiller \tg\u00e9n\u00e9ral communiste Claude Bertrand ne briguera pas un nouveau \tmandat aux \u00e9lections cantonales de mars 2011 et que Mme Rochas (PC) \test la candidate d\u00e9sign\u00e9e par le Front de Gauche. Mais le 17 \tjanvier Claude Bertrand r\u00e9agit en faisant savoir qu\u2019il apprend \tpar la presse qu\u2019il n\u2019est pas candidat\u00a0: <em>\u00ab\u00a0La \tv\u00e9rit\u00e9 m\u2019oblige \u00e0 dire que, sans concertation et sans d\u00e9bat, \ton a d\u00e9cid\u00e9 de m\u2019\u00e9carter en pr\u00e9sentant \u00e0 ma place une autre \tcandidate\u2026\u00a0\u00bb<\/em>. A suivre.<\/p>\n<p>Les \tsoutiens \u00e0 Strauss-Kahn pour la pr\u00e9sidentielle commencent \u00e0 se \td\u00e9clarer dans la r\u00e9gion. Voici les premiers \u00e9lus PS de Grenoble \tqui s\u2019affichent derri\u00e8re leur champion\u00a0: Christine Crifo, \tMichel Destot, Abderrahmane Djellal, Genevi\u00e8ve Fioraso et J\u00e9r\u00f4me \tSafar.<\/p>\n<p>La majorit\u00e9 \tmunicipale a d\u00e9cid\u00e9 de faire appel \u00e0 M. de Portzamparc \tpour remplacer  M\u00a0. Vasconi comme architecte en chef pour le \tprojet presqu\u2019\u00eele. Evidemment ceci s\u2019est fait sans d\u00e9bat au \tconseil municipal, sans mise en concurrence\u2026 C\u2019est le fait du \tprince\u00a0! Au lieu de faire la place \u00e0 de jeunes architectes \tpour qu\u2019ils se lancent, le maire ne jure que par des grands noms, \tc\u2019est plus cher et parfois leur comportement n\u2019est pas  toujours \tadapt\u00e9 \u00e0 la mise en place d\u2019un dialogue avec les int\u00e9ress\u00e9s. \tOn a pu voir l\u2019\u00e9chec de ce qui se passe avec Yves Lion \u00e0 la \tVilleneuve.<\/p>\n<p>L\u2019adjoint \t\u00e0 l\u2019immobilier r\u00e9cidive, en s\u2019appropriant le travail des \tautres. Dans une d\u00e9claration r\u00e9cente il s\u2019approprie le projet de \tla ZAC Blanche Monnier \u00e0 l\u2019Ile Verte, comme il l\u2019avait fait \u00e0 \tpropos de la caserne de Bonne. Cette majorit\u00e9 est incapable de \treconna\u00eetre le travail des pr\u00e9d\u00e9cesseurs, cela rappelle les \tphotos du politburo sous Staline o\u00f9, au fur et \u00e0 mesure des \tpurges, les visages des ren\u00e9gats disparaissaient.<\/p>\n","protected":false},"excerpt":{"rendered":"<p>Le PS a pr\u00e9sent\u00e9 ses candidats aux \u00e9lections cantonales des 20 et 27 mars prochain en Is\u00e8re. Cherchez les femmes\u2026 Sur 26 cantons seules 5 femmes sont candidates titulaires. La parit\u00e9 avance \u00e0 grands pas, ou alors c\u2019est la pr\u00e9figuration de la future assembl\u00e9e territoriale. L\u2019UMP38 est sous tutelle parisienne, c\u2019est le calme plat. On [&hellip;]<\/p>\n","protected":false},"author":1,"featured_media":0,"comment_status":"closed","ping_status":"open","sticky":false,"template":"","format":"standard","meta":{"twitterCardType":"","cardImageID":0,"cardImage":"","cardTitle":"","cardDesc":"","cardImageAlt":"","cardPlayer":"","cardPlayerWidth":0,"cardPlayerHeight":0,"cardPlayerStream":"","cardPlayerCodec":"","footnotes":""},"categories":[62,11],"tags":[85,30,35,42,234],"class_list":["post-3081","post","type-post","status-publish","format-standard","hentry","category-le-rouge-le-vert-hebdo","category-politique-locale","tag-cantonales","tag-corrompu","tag-democratie-locale","tag-droits-des-femmes","tag-giant"],"_links":{"self":[{"href":"https:\/\/www.ades-grenoble.org\/wordpress\/wp-json\/wp\/v2\/posts\/3081","targetHints":{"allow":["GET"]}}],"collection":[{"href":"https:\/\/www.ades-grenoble.org\/wordpress\/wp-json\/wp\/v2\/posts"}],"about":[{"href":"https:\/\/www.ades-grenoble.org\/wordpress\/wp-json\/wp\/v2\/types\/post"}],"author":[{"embeddable":true,"href":"https:\/\/www.ades-grenoble.org\/wordpress\/wp-json\/wp\/v2\/users\/1"}],"replies":[{"embeddable":true,"href":"https:\/\/www.ades-grenoble.org\/wordpress\/wp-json\/wp\/v2\/comments?post=3081"}],"version-history":[{"count":7,"href":"https:\/\/www.ades-grenoble.org\/wordpress\/wp-json\/wp\/v2\/posts\/3081\/revisions"}],"predecessor-version":[{"id":3969,"href":"https:\/\/www.ades-grenoble.org\/wordpress\/wp-json\/wp\/v2\/posts\/3081\/revisions\/3969"}],"wp:attachment":[{"href":"https:\/\/www.ades-grenoble.org\/wordpress\/wp-json\/wp\/v2\/media?parent=3081"}],"wp:term":[{"taxonomy":"category","embeddable":true,"href":"https:\/\/www.ades-grenoble.org\/wordpress\/wp-json\/wp\/v2\/categories?post=3081"},{"taxonomy":"post_tag","embeddable":true,"href":"https:\/\/www.ades-grenoble.org\/wordpress\/wp-json\/wp\/v2\/tags?post=3081"}],"curies":[{"name":"wp","href":"https:\/\/api.w.org\/{rel}","templated":true}]}}