{"id":3094,"date":"2011-01-21T21:45:04","date_gmt":"2011-01-21T19:45:04","guid":{"rendered":"http:\/\/www.ades-grenoble.org\/wordpress\/?p=3094"},"modified":"2011-03-05T16:16:37","modified_gmt":"2011-03-05T14:16:37","slug":"tunisie-la-longue-marche-vers-la-democratie","status":"publish","type":"post","link":"https:\/\/www.ades-grenoble.org\/wordpress\/2011\/01\/21\/tunisie-la-longue-marche-vers-la-democratie\/","title":{"rendered":"Tunisie, la longue marche vers la d\u00e9mocratie"},"content":{"rendered":"<p>La r\u00e9volution de Jasmin a fait fuir le dictateur et tous les d\u00e9mocrates ne peuvent que se r\u00e9jouir de cet \u00e9v\u00e8nement. Il est important que toute l\u2019aide soit apport\u00e9e aux opposants \u00e0 la dictature pour qu\u2019ils puissent enfin construire une d\u00e9mocratie digne de ce nom dans ce si joli pays.<\/p>\n<p>Il est par contre navrant de voir que nos gouvernants ont soutenu  jusqu\u2019au bout le dictateur en place, lui proposant m\u00eame de l\u2019aide pour am\u00e9liorer ses forces r\u00e9pressives.<\/p>\n<div id=\"attachment_3101\" style=\"width: 549px\" class=\"wp-caption aligncenter\"><img loading=\"lazy\" decoding=\"async\" aria-describedby=\"caption-attachment-3101\" class=\"size-full wp-image-3101\" title=\"ben-ali\" src=\"http:\/\/www.ades-grenoble.org\/wordpress\/wp-content\/uploads\/2011\/01\/ben-ali.jpg\" alt=\"\" width=\"539\" height=\"517\" srcset=\"https:\/\/www.ades-grenoble.org\/wordpress\/wp-content\/uploads\/2011\/01\/ben-ali.jpg 539w, https:\/\/www.ades-grenoble.org\/wordpress\/wp-content\/uploads\/2011\/01\/ben-ali-150x143.jpg 150w, https:\/\/www.ades-grenoble.org\/wordpress\/wp-content\/uploads\/2011\/01\/ben-ali-300x287.jpg 300w\" sizes=\"auto, (max-width: 539px) 100vw, 539px\" \/><p id=\"caption-attachment-3101\" class=\"wp-caption-text\">Dessin Cled&#39;12, tous droits r\u00e9serv\u00e9s<\/p><\/div>\n<p>Il est aussi navrant d\u2019apprendre qu\u2019une d\u00e9l\u00e9gation d\u2019\u00e9lus de la majorit\u00e9 municipale de Grenoble se soit rendue en pleine r\u00e9volution \u00e0 Sfax, du 7 au 12 janvier 2011 pour discuter avec les autorit\u00e9s de la ville acquises \u00e0 la dictature. Grenoble est jumel\u00e9e avec Sfax, mais la majorit\u00e9 municipale a toujours refus\u00e9 de prendre contact avec les opposants au r\u00e9gime dictatorial. En mai 2009, lorsqu\u2019une \u00e9lue \u00e9cologiste (M. Girod de l\u2019Ain) a fait partie d\u2019une d\u00e9l\u00e9gation de la ville et qu\u2019elle a demand\u00e9 la possibilit\u00e9 de rencontrer les repr\u00e9sentants Tunisiens de la Ligue des Droits de l\u2019Homme elle a essuy\u00e9 un refus ferme de l\u2019ensemble des officiels de la majorit\u00e9. Elle est pass\u00e9e outre. Gr\u00e2ce aux contacts \u00e9tablis par l\u2019interm\u00e9diaire des opposants Tunisiens de Grenoble, elle a pu s&rsquo;entretenir avec l\u2019un des repr\u00e9sentants de la Ligue des droits de l\u2019homme de Tunisie.  Elle a d\u00fb subir quelques critiques acerbes, notamment celle-ci : \u00ab\u00a0on ne fait pas d\u2019ing\u00e9rence dans les  pays accueillants,\u00a0ce sont des choses qui ne se font pas\u00a0\u00bb.<\/p>\n<p>Nous regrettons vivement que MM. De Longevialle et Detroyat, respectivement  adjoint et conseiller municipal d\u00e9l\u00e9gu\u00e9 au maire de Grenoble n\u2019aient pas eu le r\u00e9flexe \u00e9l\u00e9mentaire  de solidarit\u00e9 envers les Tunisiens qui menaient un combat pour retrouver la libert\u00e9. Les \u00e9lu-e-s \u00e9cologistes vont demander un compte rendu exhaustif  du bilan de cette rencontre avec la municipalit\u00e9 de Sfax dont les \u00e9lus sont tous issus du parti unique.  Ont-ils fait savoir \u00e0 la population qui subissait la pire r\u00e9pression que la Ville de Grenoble \u00e9tait solidaire de leur lutte pour la d\u00e9mocratie\u00a0?<\/p>\n<p>D\u00e9cidemment cette majorit\u00e9 \u00ab\u00a0droite-gauche\u00a0\u00bb devrait vite revoir sa politique de coop\u00e9ration d\u00e9centralis\u00e9e pour la rendre conforme \u00e0 ce que peut en attendre une ville Compagnon de la Lib\u00e9ration.<\/p>\n","protected":false},"excerpt":{"rendered":"<p>La r\u00e9volution de Jasmin a fait fuir le dictateur et tous les d\u00e9mocrates ne peuvent que se r\u00e9jouir de cet \u00e9v\u00e8nement. Il est important que toute l\u2019aide soit apport\u00e9e aux opposants \u00e0 la dictature pour qu\u2019ils puissent enfin construire une d\u00e9mocratie digne de ce nom dans ce si joli pays. Il est par contre navrant [&hellip;]<\/p>\n","protected":false},"author":1,"featured_media":0,"comment_status":"closed","ping_status":"open","sticky":false,"template":"","format":"standard","meta":{"twitterCardType":"","cardImageID":0,"cardImage":"","cardTitle":"","cardDesc":"","cardImageAlt":"","cardPlayer":"","cardPlayerWidth":0,"cardPlayerHeight":0,"cardPlayerStream":"","cardPlayerCodec":"","footnotes":""},"categories":[62],"tags":[12],"class_list":["post-3094","post","type-post","status-publish","format-standard","hentry","category-le-rouge-le-vert-hebdo","tag-mobilisations"],"_links":{"self":[{"href":"https:\/\/www.ades-grenoble.org\/wordpress\/wp-json\/wp\/v2\/posts\/3094","targetHints":{"allow":["GET"]}}],"collection":[{"href":"https:\/\/www.ades-grenoble.org\/wordpress\/wp-json\/wp\/v2\/posts"}],"about":[{"href":"https:\/\/www.ades-grenoble.org\/wordpress\/wp-json\/wp\/v2\/types\/post"}],"author":[{"embeddable":true,"href":"https:\/\/www.ades-grenoble.org\/wordpress\/wp-json\/wp\/v2\/users\/1"}],"replies":[{"embeddable":true,"href":"https:\/\/www.ades-grenoble.org\/wordpress\/wp-json\/wp\/v2\/comments?post=3094"}],"version-history":[{"count":6,"href":"https:\/\/www.ades-grenoble.org\/wordpress\/wp-json\/wp\/v2\/posts\/3094\/revisions"}],"predecessor-version":[{"id":3474,"href":"https:\/\/www.ades-grenoble.org\/wordpress\/wp-json\/wp\/v2\/posts\/3094\/revisions\/3474"}],"wp:attachment":[{"href":"https:\/\/www.ades-grenoble.org\/wordpress\/wp-json\/wp\/v2\/media?parent=3094"}],"wp:term":[{"taxonomy":"category","embeddable":true,"href":"https:\/\/www.ades-grenoble.org\/wordpress\/wp-json\/wp\/v2\/categories?post=3094"},{"taxonomy":"post_tag","embeddable":true,"href":"https:\/\/www.ades-grenoble.org\/wordpress\/wp-json\/wp\/v2\/tags?post=3094"}],"curies":[{"name":"wp","href":"https:\/\/api.w.org\/{rel}","templated":true}]}}