{"id":3135,"date":"2011-01-28T11:34:40","date_gmt":"2011-01-28T09:34:40","guid":{"rendered":"http:\/\/www.ades-grenoble.org\/wordpress\/?p=3135"},"modified":"2011-03-05T16:15:52","modified_gmt":"2011-03-05T14:15:52","slug":"maintenant-tout-est-clair-ils-veulent-fermer-le-lycee-mounier","status":"publish","type":"post","link":"https:\/\/www.ades-grenoble.org\/wordpress\/2011\/01\/28\/maintenant-tout-est-clair-ils-veulent-fermer-le-lycee-mounier\/","title":{"rendered":"Maintenant tout est clair, ils veulent fermer le lyc\u00e9e Mounier"},"content":{"rendered":"<p><img loading=\"lazy\" decoding=\"async\" class=\"alignleft size-thumbnail wp-image-2431\" style=\"margin: 5px;\" title=\"we-love-mounier\" src=\"http:\/\/www.ades-grenoble.org\/wordpress\/wp-content\/uploads\/2010\/10\/we-love-mounier-150x72.jpg\" alt=\"\" width=\"150\" height=\"72\" srcset=\"https:\/\/www.ades-grenoble.org\/wordpress\/wp-content\/uploads\/2010\/10\/we-love-mounier-150x72.jpg 150w, https:\/\/www.ades-grenoble.org\/wordpress\/wp-content\/uploads\/2010\/10\/we-love-mounier-300x145.jpg 300w, https:\/\/www.ades-grenoble.org\/wordpress\/wp-content\/uploads\/2010\/10\/we-love-mounier.jpg 442w\" sizes=\"auto, (max-width: 150px) 100vw, 150px\" \/>Le num\u00e9ro de duettistes entre le Recteur de l\u2019Acad\u00e9mie de Grenoble et le Pr\u00e9sident de la r\u00e9gion Rh\u00f4ne-Alpes est bien rod\u00e9. Au d\u00e9but de l\u2019affaire, le 28 septembre 2010, les parents d\u2019\u00e9l\u00e8ves avaient re\u00e7u une lettre sign\u00e9e des deux autorit\u00e9s, claire et pr\u00e9cise annon\u00e7ant la fermeture pure et simple du lyc\u00e9e Mounier.<\/p>\n<p>Depuis, face \u00e0 la forte mobilisation du collectif Mounier, les deux larrons ont adopt\u00e9 une tactique visant \u00e0 gagner du temps et \u00e0 faire pourrir la situation esp\u00e9rant la d\u00e9mobilisation. Chacun de son cot\u00e9 a jou\u00e9 sa petite musique en accusant l\u2019autre de ne pas comprendre ce qu\u2019il voulait et demandant des explications, ou en lan\u00e7ant une m\u00e9diation, contraint et forc\u00e9, mais sans y croire. Bref cette mauvaise pi\u00e8ce de th\u00e9\u00e2tre se termine par la d\u00e9cision du recteur r\u00e9affirm\u00e9e le 25 janvier\u00a0: pour lui, il n\u2019y aura pas de classes de secondes \u00e0 Mounier \u00e0 la rentr\u00e9e 2011 et le lyc\u00e9e fermera deux ans plus tard conform\u00e9ment \u00e0 la demande initiale du pr\u00e9sident de la r\u00e9gion du 25 Novembre 2010 qu&rsquo;il n&rsquo;a pas eu le bon sens de retirer lors de la nomination des m\u00e9diateurs.<\/p>\n<p>L\u2019ADES estime que le Pr\u00e9sident de la r\u00e9gion Rh\u00f4ne-Alpes n\u2019a pas la comp\u00e9tence pour prendre une telle d\u00e9cision\u00a0: c\u2019est au Conseil r\u00e9gional  qu\u2019elle revient de droit, c\u2019est \u00e0 dire aux \u00e9lus de cette assembl\u00e9e et non \u00e0 l\u2019ex\u00e9cutif ni \u00e0 l\u2019administration\u2026 Evidemment, le Pr\u00e9sident de la R\u00e9gion ne veut pas faire d\u00e9lib\u00e9rer le Conseil r\u00e9gional car il pense, \u00e0 juste titre, qu\u2019il n\u2019aurait pas de majorit\u00e9. Mais le Recteur n\u2019a pas \u00e0 appliquer la d\u00e9cision du Pr\u00e9sident de la R\u00e9gion, car cette d\u00e9cision est ill\u00e9gale et non ex\u00e9cutoire. C&rsquo;est en ce sens, et pour que la justice se prononce, que le collectif Mounier a d\u00e9pos\u00e9 divers recours au tribunal administratif. L\u2019affaire n\u2019est pas termin\u00e9e, et la mobilisation se poursuit.<\/p>\n<p>On ne peut par ailleurs que souligner l\u2019incapacit\u00e9 du maire de Grenoble \u00e0 agir efficacement dans ce dossier, c\u2019est pourtant lui qui a la comp\u00e9tence de la police de s\u00e9curit\u00e9 et pas JJ. Queyranne.<\/p>\n<p><strong>A noter la double initiative r\u00e9ussie des \u00e9lus \u00e9cologistes r\u00e9gionaux qui, le 26 janvier, ont propos\u00e9 \u00e0 tous les groupes de la majorit\u00e9 de tenir une conf\u00e9rence de presse commune d\u00e9non\u00e7ant les positions du Pr\u00e9sident de la R\u00e9gion, puis le soir en r\u00e9union extraordinaire de la commission lyc\u00e9es r\u00e9gionale, ont fait confirmer par les techniciens la faisabilit\u00e9 technique de la reconstruction sur place en b\u00e2timents modulaires pr\u00e9fabriqu\u00e9s dans la cour pour 450 \u00e9l\u00e8ves, ouvrant la voie \u00e0 une motion unanimement vot\u00e9e et fixant une feuille de route claire au Pr\u00e9sident : appliquer la solution des m\u00e9diateurs en pr\u00e9servant la communaut\u00e9 \u00e9ducative et toutes les options pendant toute la reconstruction.<\/strong><\/p>\n<p>Cependant des tentatives de r\u00e9cup\u00e9ration politique se font jour, divers candidats aux cantonales  s\u2019agitent, les communiqu\u00e9s pleuvent de partout, mais beaucoup d\u2019agitation et peu d\u2019actions locales efficaces contre les d\u00e9cisions du Recteur et du Pr\u00e9sident de la R\u00e9gion. La force du mouvement des Mounier est son pluralisme, il serait dommage qu\u2019il soit utilis\u00e9 pour valoriser des boutiques politiques.<\/p>\n","protected":false},"excerpt":{"rendered":"<p>Le num\u00e9ro de duettistes entre le Recteur de l\u2019Acad\u00e9mie de Grenoble et le Pr\u00e9sident de la r\u00e9gion Rh\u00f4ne-Alpes est bien rod\u00e9. Au d\u00e9but de l\u2019affaire, le 28 septembre 2010, les parents d\u2019\u00e9l\u00e8ves avaient re\u00e7u une lettre sign\u00e9e des deux autorit\u00e9s, claire et pr\u00e9cise annon\u00e7ant la fermeture pure et simple du lyc\u00e9e Mounier. Depuis, face \u00e0 [&hellip;]<\/p>\n","protected":false},"author":1,"featured_media":0,"comment_status":"closed","ping_status":"open","sticky":false,"template":"","format":"standard","meta":{"twitterCardType":"","cardImageID":0,"cardImage":"","cardTitle":"","cardDesc":"","cardImageAlt":"","cardPlayer":"","cardPlayerWidth":0,"cardPlayerHeight":0,"cardPlayerStream":"","cardPlayerCodec":"","footnotes":""},"categories":[62],"tags":[79,12,84],"class_list":["post-3135","post","type-post","status-publish","format-standard","hentry","category-le-rouge-le-vert-hebdo","tag-conseil-regional","tag-mobilisations","tag-mounier"],"_links":{"self":[{"href":"https:\/\/www.ades-grenoble.org\/wordpress\/wp-json\/wp\/v2\/posts\/3135","targetHints":{"allow":["GET"]}}],"collection":[{"href":"https:\/\/www.ades-grenoble.org\/wordpress\/wp-json\/wp\/v2\/posts"}],"about":[{"href":"https:\/\/www.ades-grenoble.org\/wordpress\/wp-json\/wp\/v2\/types\/post"}],"author":[{"embeddable":true,"href":"https:\/\/www.ades-grenoble.org\/wordpress\/wp-json\/wp\/v2\/users\/1"}],"replies":[{"embeddable":true,"href":"https:\/\/www.ades-grenoble.org\/wordpress\/wp-json\/wp\/v2\/comments?post=3135"}],"version-history":[{"count":9,"href":"https:\/\/www.ades-grenoble.org\/wordpress\/wp-json\/wp\/v2\/posts\/3135\/revisions"}],"predecessor-version":[{"id":3143,"href":"https:\/\/www.ades-grenoble.org\/wordpress\/wp-json\/wp\/v2\/posts\/3135\/revisions\/3143"}],"wp:attachment":[{"href":"https:\/\/www.ades-grenoble.org\/wordpress\/wp-json\/wp\/v2\/media?parent=3135"}],"wp:term":[{"taxonomy":"category","embeddable":true,"href":"https:\/\/www.ades-grenoble.org\/wordpress\/wp-json\/wp\/v2\/categories?post=3135"},{"taxonomy":"post_tag","embeddable":true,"href":"https:\/\/www.ades-grenoble.org\/wordpress\/wp-json\/wp\/v2\/tags?post=3135"}],"curies":[{"name":"wp","href":"https:\/\/api.w.org\/{rel}","templated":true}]}}