{"id":3157,"date":"2011-02-04T22:23:06","date_gmt":"2011-02-04T20:23:06","guid":{"rendered":"http:\/\/www.ades-grenoble.org\/wordpress\/?p=3157"},"modified":"2011-03-05T16:15:26","modified_gmt":"2011-03-05T14:15:26","slug":"vous-avez-dit-cooperation","status":"publish","type":"post","link":"https:\/\/www.ades-grenoble.org\/wordpress\/2011\/02\/04\/vous-avez-dit-cooperation\/","title":{"rendered":"Vous avez dit\u2026 coop\u00e9ration ?"},"content":{"rendered":"<p>La Ville de Grenoble n&rsquo;est pas la seule \u00e0 \u00eatre emp\u00eatr\u00e9e, comme on l&rsquo;a vu la semaine derni\u00e8re <a href=\"http:\/\/www.ades-grenoble.org\/wordpress\/2011\/01\/28\/le-duo-qui-chante-faux\/\" target=\"_self\">\u00e0 propos de Sfax (Tunisie)<\/a>, dans sa politique de coop\u00e9ration d\u00e9centralis\u00e9e ou internationale aux contours flous, qui fait la part belle aux r\u00e9gimes en place. En la mati\u00e8re, le Conseil R\u00e9gional et son Pr\u00e9sident qui d\u00e9cid\u00e9ment se distingue particuli\u00e8rement ces derniers temps, n&rsquo;ont rien \u00e0 lui envier.<\/p>\n<p>Les 21 et 22 octobre 2010, il a fait voter par l&rsquo;assembl\u00e9e r\u00e9gionale une convention de financement d&rsquo;un montant de 450 000\u20ac r\u00e9parti sur 3 ans en vue de la r\u00e9fection de la basilique d\u2019Annaba (Alg\u00e9rie). Voil\u00e0 donc une occasion, aux yeux des responsables du Conseil R\u00e9gional, de renouer avec l&rsquo;Alg\u00e9rie les relations rest\u00e9es en sommeil depuis plusieurs ann\u00e9es. Une curieuse occasion pourtant, \u00e0 tonalit\u00e9 condescendante, o\u00f9 l&rsquo;on voit une fois de plus le Nord apporter son \u00ab\u00a0savoir faire\u00a0\u00bb au Sud. O\u00f9 est donc l&rsquo;\u00e9change sur un pied d&rsquo;\u00e9galit\u00e9, la v\u00e9ritable coop\u00e9ration, qui traiterait par ailleurs avec des personnalit\u00e9s \u00e9trang\u00e8res au r\u00e9gime en place ? Et pour couronner le tout, le choix a port\u00e9 sur la r\u00e9fection d&rsquo;une basilique. La barque \u00e9tait suffisamment charg\u00e9e pour provoquer des r\u00e9actions en cha\u00eene sous forme de recours au tribunal administratif tendant \u00e0 faire annuler une telle d\u00e9lib\u00e9ration. On en compterait pas moins de neuf, dont celui de l&rsquo;association \u00ab\u00a0comit\u00e9 1905 Rh\u00f4ne Alpes\u00a0\u00bb qui a tout naturellement vu dans cette d\u00e9lib\u00e9ration une attaque en r\u00e8gle contre la loi de 1905. Le Conseil R\u00e9gional a laiss\u00e9 entendre que l&rsquo;application de cette d\u00e9lib\u00e9ration \u00e9tait suspendue \u00e0 la d\u00e9cision du Tribunal Administratif. Gageons qu&rsquo;apr\u00e8s s&rsquo;\u00eatre fait sonner les cloches, il d\u00e9cidera d&rsquo;un moratoire pour engager une r\u00e9flexion approfondie sur la politique de coop\u00e9ration internationale \u00e0 mener d&rsquo;abord et avant tout avec et entre les habitants des r\u00e9gions concern\u00e9es.<\/p>\n","protected":false},"excerpt":{"rendered":"<p>La Ville de Grenoble n&rsquo;est pas la seule \u00e0 \u00eatre emp\u00eatr\u00e9e, comme on l&rsquo;a vu la semaine derni\u00e8re \u00e0 propos de Sfax (Tunisie), dans sa politique de coop\u00e9ration d\u00e9centralis\u00e9e ou internationale aux contours flous, qui fait la part belle aux r\u00e9gimes en place. En la mati\u00e8re, le Conseil R\u00e9gional et son Pr\u00e9sident qui d\u00e9cid\u00e9ment se [&hellip;]<\/p>\n","protected":false},"author":1,"featured_media":0,"comment_status":"closed","ping_status":"open","sticky":false,"template":"","format":"standard","meta":{"twitterCardType":"","cardImageID":0,"cardImage":"","cardTitle":"","cardDesc":"","cardImageAlt":"","cardPlayer":"","cardPlayerWidth":0,"cardPlayerHeight":0,"cardPlayerStream":"","cardPlayerCodec":"","footnotes":""},"categories":[11],"tags":[79],"class_list":["post-3157","post","type-post","status-publish","format-standard","hentry","category-politique-locale","tag-conseil-regional"],"_links":{"self":[{"href":"https:\/\/www.ades-grenoble.org\/wordpress\/wp-json\/wp\/v2\/posts\/3157","targetHints":{"allow":["GET"]}}],"collection":[{"href":"https:\/\/www.ades-grenoble.org\/wordpress\/wp-json\/wp\/v2\/posts"}],"about":[{"href":"https:\/\/www.ades-grenoble.org\/wordpress\/wp-json\/wp\/v2\/types\/post"}],"author":[{"embeddable":true,"href":"https:\/\/www.ades-grenoble.org\/wordpress\/wp-json\/wp\/v2\/users\/1"}],"replies":[{"embeddable":true,"href":"https:\/\/www.ades-grenoble.org\/wordpress\/wp-json\/wp\/v2\/comments?post=3157"}],"version-history":[{"count":6,"href":"https:\/\/www.ades-grenoble.org\/wordpress\/wp-json\/wp\/v2\/posts\/3157\/revisions"}],"predecessor-version":[{"id":3462,"href":"https:\/\/www.ades-grenoble.org\/wordpress\/wp-json\/wp\/v2\/posts\/3157\/revisions\/3462"}],"wp:attachment":[{"href":"https:\/\/www.ades-grenoble.org\/wordpress\/wp-json\/wp\/v2\/media?parent=3157"}],"wp:term":[{"taxonomy":"category","embeddable":true,"href":"https:\/\/www.ades-grenoble.org\/wordpress\/wp-json\/wp\/v2\/categories?post=3157"},{"taxonomy":"post_tag","embeddable":true,"href":"https:\/\/www.ades-grenoble.org\/wordpress\/wp-json\/wp\/v2\/tags?post=3157"}],"curies":[{"name":"wp","href":"https:\/\/api.w.org\/{rel}","templated":true}]}}