{"id":3162,"date":"2011-02-04T22:24:59","date_gmt":"2011-02-04T20:24:59","guid":{"rendered":"http:\/\/www.ades-grenoble.org\/wordpress\/?p=3162"},"modified":"2011-03-05T16:15:20","modified_gmt":"2011-03-05T14:15:20","slug":"le-budget-2006-de-la-metro-etait-illegal","status":"publish","type":"post","link":"https:\/\/www.ades-grenoble.org\/wordpress\/2011\/02\/04\/le-budget-2006-de-la-metro-etait-illegal\/","title":{"rendered":"Le budget 2006 de la M\u00e9tro \u00e9tait ill\u00e9gal"},"content":{"rendered":"<p>Le budget 2006 de la M\u00e9tro avait organis\u00e9 un hold-up de 3 millions d\u2019euros dans le budget annexe de l\u2019assainissement pour \u00e9quilibrer le budget principal en lourd d\u00e9ficit \u00e0 cause des d\u00e9penses engag\u00e9es pour le stade. R. Avrillier, qui \u00e9tait vice pr\u00e9sident charg\u00e9 de l\u2019assainissement, sachant que ce hold-up allait entra\u00eener \u00e0 terme des augmentations de tarifs aux usagers, s\u2019\u00e9tait fermement oppos\u00e9 \u00e0 cette d\u00e9cision avec le groupe des \u00e9lus \u00e9cologistes. Il a d\u00e9pos\u00e9 un recours contre ce budget, et le tribunal administratif vient de lui donner raison en annulant le budget principal et le budget annexe de l\u2019assainissement. Il aura fallu plus de 5 ans pour faire reconnaitre cette ill\u00e9galit\u00e9. Reste maintenant \u00e0 r\u00e9gulariser cette situation, mais le vice pr\u00e9sident aux finances de la M\u00e9tro a d\u00e9clar\u00e9 qu\u2019il n\u2019y avait rien \u00e0 faire puisque le budget a \u00e9t\u00e9 ex\u00e9cut\u00e9\u00a0! Voila une dr\u00f4le conception du droit\u00a0: l\u2019ill\u00e9galit\u00e9 est accomplie donc\u2026 il n\u2019y a plus rien \u00e0 voir\u00a0! Il n\u2019est pas du tout s\u00fbr que ce soit aussi simple\u2026 \u00e0 suivre.<\/p>\n","protected":false},"excerpt":{"rendered":"<p>Le budget 2006 de la M\u00e9tro avait organis\u00e9 un hold-up de 3 millions d\u2019euros dans le budget annexe de l\u2019assainissement pour \u00e9quilibrer le budget principal en lourd d\u00e9ficit \u00e0 cause des d\u00e9penses engag\u00e9es pour le stade. R. Avrillier, qui \u00e9tait vice pr\u00e9sident charg\u00e9 de l\u2019assainissement, sachant que ce hold-up allait entra\u00eener \u00e0 terme des augmentations [&hellip;]<\/p>\n","protected":false},"author":1,"featured_media":0,"comment_status":"closed","ping_status":"open","sticky":false,"template":"","format":"standard","meta":{"twitterCardType":"","cardImageID":0,"cardImage":"","cardTitle":"","cardDesc":"","cardImageAlt":"","cardPlayer":"","cardPlayerWidth":0,"cardPlayerHeight":0,"cardPlayerStream":"","cardPlayerCodec":"","footnotes":""},"categories":[8,11,16],"tags":[232,52,32,233,55],"class_list":["post-3162","post","type-post","status-publish","format-standard","hentry","category-eau","category-politique-locale","category-stade","tag-eau","tag-justice-administrative","tag-metro","tag-stade","tag-tarifs-publics"],"_links":{"self":[{"href":"https:\/\/www.ades-grenoble.org\/wordpress\/wp-json\/wp\/v2\/posts\/3162","targetHints":{"allow":["GET"]}}],"collection":[{"href":"https:\/\/www.ades-grenoble.org\/wordpress\/wp-json\/wp\/v2\/posts"}],"about":[{"href":"https:\/\/www.ades-grenoble.org\/wordpress\/wp-json\/wp\/v2\/types\/post"}],"author":[{"embeddable":true,"href":"https:\/\/www.ades-grenoble.org\/wordpress\/wp-json\/wp\/v2\/users\/1"}],"replies":[{"embeddable":true,"href":"https:\/\/www.ades-grenoble.org\/wordpress\/wp-json\/wp\/v2\/comments?post=3162"}],"version-history":[{"count":6,"href":"https:\/\/www.ades-grenoble.org\/wordpress\/wp-json\/wp\/v2\/posts\/3162\/revisions"}],"predecessor-version":[{"id":3461,"href":"https:\/\/www.ades-grenoble.org\/wordpress\/wp-json\/wp\/v2\/posts\/3162\/revisions\/3461"}],"wp:attachment":[{"href":"https:\/\/www.ades-grenoble.org\/wordpress\/wp-json\/wp\/v2\/media?parent=3162"}],"wp:term":[{"taxonomy":"category","embeddable":true,"href":"https:\/\/www.ades-grenoble.org\/wordpress\/wp-json\/wp\/v2\/categories?post=3162"},{"taxonomy":"post_tag","embeddable":true,"href":"https:\/\/www.ades-grenoble.org\/wordpress\/wp-json\/wp\/v2\/tags?post=3162"}],"curies":[{"name":"wp","href":"https:\/\/api.w.org\/{rel}","templated":true}]}}