{"id":3195,"date":"2011-02-04T22:45:02","date_gmt":"2011-02-04T20:45:02","guid":{"rendered":"http:\/\/www.ades-grenoble.org\/wordpress\/?p=3195"},"modified":"2011-03-05T16:13:32","modified_gmt":"2011-03-05T14:13:32","slug":"mounier-le-torpillage-continue","status":"publish","type":"post","link":"https:\/\/www.ades-grenoble.org\/wordpress\/2011\/02\/04\/mounier-le-torpillage-continue\/","title":{"rendered":"Mounier : le torpillage continue"},"content":{"rendered":"<p><img loading=\"lazy\" decoding=\"async\" class=\"alignleft size-thumbnail wp-image-2431\" style=\"margin: 5px;\" title=\"we-love-mounier\" src=\"http:\/\/www.ades-grenoble.org\/wordpress\/wp-content\/uploads\/2010\/10\/we-love-mounier-150x72.jpg\" alt=\"\" width=\"150\" height=\"72\" srcset=\"https:\/\/www.ades-grenoble.org\/wordpress\/wp-content\/uploads\/2010\/10\/we-love-mounier-150x72.jpg 150w, https:\/\/www.ades-grenoble.org\/wordpress\/wp-content\/uploads\/2010\/10\/we-love-mounier-300x145.jpg 300w, https:\/\/www.ades-grenoble.org\/wordpress\/wp-content\/uploads\/2010\/10\/we-love-mounier.jpg 442w\" sizes=\"auto, (max-width: 150px) 100vw, 150px\" \/>Le 1<sup>er<\/sup> f\u00e9vrier 2011, le Pr\u00e9sident de la R\u00e9gion \u00e9crit une nouvelle lettre au recteur qui ne correspond pas du tout \u00e0 la position prise le 26 janvier par la majorit\u00e9 du Conseil r\u00e9gional dans la r\u00e9union de la commission \u00ab\u00a0formation initiale et lyc\u00e9es\u00a0\u00bb. Lors de cette commission, les services techniques de la r\u00e9gion ont confirm\u00e9 qu\u2019il n\u2019y avait aucune difficult\u00e9 pour accueillir 450 \u00e9l\u00e8ves durant toute la reconstruction. Or JJ. Queyranne indique au recteur qu\u2019il faudrait pr\u00e9voir d\u2019accueillir seulement 300 \u00e9l\u00e8ves en 2013, donc il confirme sa position de ne pas suivre le r\u00e9sultat de la m\u00e9diation.<\/p>\n<p>Pour ceux qui connaissent le lyc\u00e9e Mounier, le terrain est tellement vaste (27\u00a0000 m2) qu\u2019il serait possible de construire un autre lyc\u00e9e tout en poursuivant la scolarit\u00e9 dans les b\u00e2timents actuels et des pr\u00e9fabriqu\u00e9s. Actuellement le b\u00e2ti n\u2019occupe que 4000 m2 au sol. Le collectif Mounier d\u00e9montre que pour 450 \u00e9l\u00e8ves (17 sections) il faut 30 salles incluant le CDI et la salle des professeurs soit 2000 m2 utiles. Le proviseur qui conna\u00eet bien son lyc\u00e9e avait fait une proposition r\u00e9aliste en octobre 2010, qui n\u2019a jamais \u00e9t\u00e9 prise en compte par le Pr\u00e9sident de la R\u00e9gion.<\/p>\n<p>Nous assistons \u00e0 une v\u00e9ritable mascarade. Mais la d\u00e9termination des Mounier ne faiblit pas et la lutte se poursuit pour obtenir que la reconstruction du lyc\u00e9e se fasse en conservant tous les enseignements, dont les secondes et les BTS sur le site. Ils ont besoin de notre soutien.<\/p>\n","protected":false},"excerpt":{"rendered":"<p>Le 1er f\u00e9vrier 2011, le Pr\u00e9sident de la R\u00e9gion \u00e9crit une nouvelle lettre au recteur qui ne correspond pas du tout \u00e0 la position prise le 26 janvier par la majorit\u00e9 du Conseil r\u00e9gional dans la r\u00e9union de la commission \u00ab\u00a0formation initiale et lyc\u00e9es\u00a0\u00bb. Lors de cette commission, les services techniques de la r\u00e9gion ont [&hellip;]<\/p>\n","protected":false},"author":1,"featured_media":0,"comment_status":"closed","ping_status":"open","sticky":false,"template":"","format":"standard","meta":{"twitterCardType":"","cardImageID":0,"cardImage":"","cardTitle":"","cardDesc":"","cardImageAlt":"","cardPlayer":"","cardPlayerWidth":0,"cardPlayerHeight":0,"cardPlayerStream":"","cardPlayerCodec":"","footnotes":""},"categories":[],"tags":[79,12,84],"class_list":["post-3195","post","type-post","status-publish","format-standard","hentry","tag-conseil-regional","tag-mobilisations","tag-mounier"],"_links":{"self":[{"href":"https:\/\/www.ades-grenoble.org\/wordpress\/wp-json\/wp\/v2\/posts\/3195","targetHints":{"allow":["GET"]}}],"collection":[{"href":"https:\/\/www.ades-grenoble.org\/wordpress\/wp-json\/wp\/v2\/posts"}],"about":[{"href":"https:\/\/www.ades-grenoble.org\/wordpress\/wp-json\/wp\/v2\/types\/post"}],"author":[{"embeddable":true,"href":"https:\/\/www.ades-grenoble.org\/wordpress\/wp-json\/wp\/v2\/users\/1"}],"replies":[{"embeddable":true,"href":"https:\/\/www.ades-grenoble.org\/wordpress\/wp-json\/wp\/v2\/comments?post=3195"}],"version-history":[{"count":5,"href":"https:\/\/www.ades-grenoble.org\/wordpress\/wp-json\/wp\/v2\/posts\/3195\/revisions"}],"predecessor-version":[{"id":3448,"href":"https:\/\/www.ades-grenoble.org\/wordpress\/wp-json\/wp\/v2\/posts\/3195\/revisions\/3448"}],"wp:attachment":[{"href":"https:\/\/www.ades-grenoble.org\/wordpress\/wp-json\/wp\/v2\/media?parent=3195"}],"wp:term":[{"taxonomy":"category","embeddable":true,"href":"https:\/\/www.ades-grenoble.org\/wordpress\/wp-json\/wp\/v2\/categories?post=3195"},{"taxonomy":"post_tag","embeddable":true,"href":"https:\/\/www.ades-grenoble.org\/wordpress\/wp-json\/wp\/v2\/tags?post=3195"}],"curies":[{"name":"wp","href":"https:\/\/api.w.org\/{rel}","templated":true}]}}