{"id":3275,"date":"2011-02-18T22:43:40","date_gmt":"2011-02-18T20:43:40","guid":{"rendered":"http:\/\/www.ades-grenoble.org\/wordpress\/?p=3275"},"modified":"2011-03-05T16:12:43","modified_gmt":"2011-03-05T14:12:43","slug":"clept-oubli-malencontreux","status":"publish","type":"post","link":"https:\/\/www.ades-grenoble.org\/wordpress\/2011\/02\/18\/clept-oubli-malencontreux\/","title":{"rendered":"Clept : oubli malencontreux !"},"content":{"rendered":"<p><img loading=\"lazy\" decoding=\"async\" class=\"size-thumbnail wp-image-2431 alignleft\" style=\"margin: 5px;\" title=\"we-love-mounier\" src=\"http:\/\/www.ades-grenoble.org\/wordpress\/wp-content\/uploads\/2010\/10\/we-love-mounier-150x72.jpg\" alt=\"\" width=\"90\" height=\"43\" srcset=\"https:\/\/www.ades-grenoble.org\/wordpress\/wp-content\/uploads\/2010\/10\/we-love-mounier-150x72.jpg 150w, https:\/\/www.ades-grenoble.org\/wordpress\/wp-content\/uploads\/2010\/10\/we-love-mounier-300x145.jpg 300w, https:\/\/www.ades-grenoble.org\/wordpress\/wp-content\/uploads\/2010\/10\/we-love-mounier.jpg 442w\" sizes=\"auto, (max-width: 90px) 100vw, 90px\" \/>Dans \tle dernier num\u00e9ro du journal de la mairie, \u00ab\u00a0les Nouvelles de \tGrenoble\u00a0\u00bb, il y a 3 pages sur le CLEPT (Coll\u00e8ge et Lyc\u00e9e \tElitaires pour Tous. Un grenoblois ancien professeur de Mounier \ts\u2019est \u00e9mu que pas une seule fois le nom du Lyc\u00e9e Mounier ne soit \tcit\u00e9, il faut le faire ! Heureusement, sur une photo on voit le \tpetit badge \u00ab\u00a0I love \tMounier\u00a0\u00bb sur le cartable et la veste d\u2019un lyc\u00e9en.<strong> <\/strong>S&rsquo;il est certes bas\u00e9 \u00e0 \tla Villeneuve, tout le monde sait bien que cet<strong> \u00e9tablissement scolaire public est \u00e9troitement associ\u00e9 au Lyc\u00e9e \tMounier de Grenoble. C\u2019est aussi ce qui fait tout l\u2019int\u00e9r\u00eat du \tdispositif, avec des \u00e9changes possibles entre enseignants et \tlyc\u00e9ens des deux lieux. <\/strong><strong><strong>Silence<\/strong><\/strong><strong> : \ton d\u00e9mant\u00e8le le lyc\u00e9e. Le maire, le pr\u00e9sident de la r\u00e9gion et \tle recteur m\u00eame combat\u00a0! <\/strong><\/p>\n","protected":false},"excerpt":{"rendered":"<p>Dans le dernier num\u00e9ro du journal de la mairie, \u00ab\u00a0les Nouvelles de Grenoble\u00a0\u00bb, il y a 3 pages sur le CLEPT (Coll\u00e8ge et Lyc\u00e9e Elitaires pour Tous. Un grenoblois ancien professeur de Mounier s\u2019est \u00e9mu que pas une seule fois le nom du Lyc\u00e9e Mounier ne soit cit\u00e9, il faut le faire ! Heureusement, sur [&hellip;]<\/p>\n","protected":false},"author":1,"featured_media":0,"comment_status":"closed","ping_status":"open","sticky":false,"template":"","format":"standard","meta":{"twitterCardType":"","cardImageID":0,"cardImage":"","cardTitle":"","cardDesc":"","cardImageAlt":"","cardPlayer":"","cardPlayerWidth":0,"cardPlayerHeight":0,"cardPlayerStream":"","cardPlayerCodec":"","footnotes":""},"categories":[11],"tags":[84],"class_list":["post-3275","post","type-post","status-publish","format-standard","hentry","category-politique-locale","tag-mounier"],"_links":{"self":[{"href":"https:\/\/www.ades-grenoble.org\/wordpress\/wp-json\/wp\/v2\/posts\/3275","targetHints":{"allow":["GET"]}}],"collection":[{"href":"https:\/\/www.ades-grenoble.org\/wordpress\/wp-json\/wp\/v2\/posts"}],"about":[{"href":"https:\/\/www.ades-grenoble.org\/wordpress\/wp-json\/wp\/v2\/types\/post"}],"author":[{"embeddable":true,"href":"https:\/\/www.ades-grenoble.org\/wordpress\/wp-json\/wp\/v2\/users\/1"}],"replies":[{"embeddable":true,"href":"https:\/\/www.ades-grenoble.org\/wordpress\/wp-json\/wp\/v2\/comments?post=3275"}],"version-history":[{"count":5,"href":"https:\/\/www.ades-grenoble.org\/wordpress\/wp-json\/wp\/v2\/posts\/3275\/revisions"}],"predecessor-version":[{"id":3334,"href":"https:\/\/www.ades-grenoble.org\/wordpress\/wp-json\/wp\/v2\/posts\/3275\/revisions\/3334"}],"wp:attachment":[{"href":"https:\/\/www.ades-grenoble.org\/wordpress\/wp-json\/wp\/v2\/media?parent=3275"}],"wp:term":[{"taxonomy":"category","embeddable":true,"href":"https:\/\/www.ades-grenoble.org\/wordpress\/wp-json\/wp\/v2\/categories?post=3275"},{"taxonomy":"post_tag","embeddable":true,"href":"https:\/\/www.ades-grenoble.org\/wordpress\/wp-json\/wp\/v2\/tags?post=3275"}],"curies":[{"name":"wp","href":"https:\/\/api.w.org\/{rel}","templated":true}]}}