{"id":3283,"date":"2011-02-18T22:48:41","date_gmt":"2011-02-18T20:48:41","guid":{"rendered":"http:\/\/www.ades-grenoble.org\/wordpress\/?p=3283"},"modified":"2011-03-05T16:12:19","modified_gmt":"2011-03-05T14:12:19","slug":"hausse-dimpots-et-lecon-de-politique","status":"publish","type":"post","link":"https:\/\/www.ades-grenoble.org\/wordpress\/2011\/02\/18\/hausse-dimpots-et-lecon-de-politique\/","title":{"rendered":"Hausse d&rsquo;imp\u00f4ts et le\u00e7on de politique"},"content":{"rendered":"<p><img loading=\"lazy\" decoding=\"async\" class=\"alignleft size-thumbnail wp-image-350\" title=\"tirelire\" src=\"http:\/\/www.ades-grenoble.org\/wordpress\/wp-content\/uploads\/2008\/12\/tirelire-150x150.jpg\" alt=\"\" width=\"90\" height=\"90\" \/>A. Vallini (PS) fait la le\u00e7on \u00e0 M. Destot (PS). Dans le dernier Is\u00e8re magazine, Andr\u00e9 Vallini dans l\u2019\u00e9ditorial intitul\u00e9 \u00ab\u00a0un budget anti-crise\u00a0\u00bb, explique qu\u2019il a fait le choix d\u2019une gestion rigoureuse pour ne pas augmenter les imp\u00f4ts. Ce serait donc possible au Conseil g\u00e9n\u00e9ral mais pas \u00e0 Grenoble. Rappel, les \u00e9lus \u00e9cologistes ont propos\u00e9 de faire mieux et autrement \u00e0 Grenoble sans augmenter les taux des imp\u00f4ts. Il suffit de changer les priorit\u00e9s en abandonnant les politiques de prestige et les aides aux int\u00e9r\u00eats priv\u00e9s sans contreparties.<\/p>\n","protected":false},"excerpt":{"rendered":"<p>A. Vallini (PS) fait la le\u00e7on \u00e0 M. Destot (PS). Dans le dernier Is\u00e8re magazine, Andr\u00e9 Vallini dans l\u2019\u00e9ditorial intitul\u00e9 \u00ab\u00a0un budget anti-crise\u00a0\u00bb, explique qu\u2019il a fait le choix d\u2019une gestion rigoureuse pour ne pas augmenter les imp\u00f4ts. Ce serait donc possible au Conseil g\u00e9n\u00e9ral mais pas \u00e0 Grenoble. Rappel, les \u00e9lus \u00e9cologistes ont propos\u00e9 [&hellip;]<\/p>\n","protected":false},"author":1,"featured_media":0,"comment_status":"closed","ping_status":"open","sticky":false,"template":"","format":"standard","meta":{"twitterCardType":"","cardImageID":0,"cardImage":"","cardTitle":"","cardDesc":"","cardImageAlt":"","cardPlayer":"","cardPlayerWidth":0,"cardPlayerHeight":0,"cardPlayerStream":"","cardPlayerCodec":"","footnotes":""},"categories":[],"tags":[22,19],"class_list":["post-3283","post","type-post","status-publish","format-standard","hentry","tag-conseil-general-de-lisere","tag-impots"],"_links":{"self":[{"href":"https:\/\/www.ades-grenoble.org\/wordpress\/wp-json\/wp\/v2\/posts\/3283","targetHints":{"allow":["GET"]}}],"collection":[{"href":"https:\/\/www.ades-grenoble.org\/wordpress\/wp-json\/wp\/v2\/posts"}],"about":[{"href":"https:\/\/www.ades-grenoble.org\/wordpress\/wp-json\/wp\/v2\/types\/post"}],"author":[{"embeddable":true,"href":"https:\/\/www.ades-grenoble.org\/wordpress\/wp-json\/wp\/v2\/users\/1"}],"replies":[{"embeddable":true,"href":"https:\/\/www.ades-grenoble.org\/wordpress\/wp-json\/wp\/v2\/comments?post=3283"}],"version-history":[{"count":3,"href":"https:\/\/www.ades-grenoble.org\/wordpress\/wp-json\/wp\/v2\/posts\/3283\/revisions"}],"predecessor-version":[{"id":3435,"href":"https:\/\/www.ades-grenoble.org\/wordpress\/wp-json\/wp\/v2\/posts\/3283\/revisions\/3435"}],"wp:attachment":[{"href":"https:\/\/www.ades-grenoble.org\/wordpress\/wp-json\/wp\/v2\/media?parent=3283"}],"wp:term":[{"taxonomy":"category","embeddable":true,"href":"https:\/\/www.ades-grenoble.org\/wordpress\/wp-json\/wp\/v2\/categories?post=3283"},{"taxonomy":"post_tag","embeddable":true,"href":"https:\/\/www.ades-grenoble.org\/wordpress\/wp-json\/wp\/v2\/tags?post=3283"}],"curies":[{"name":"wp","href":"https:\/\/api.w.org\/{rel}","templated":true}]}}