{"id":3292,"date":"2011-02-18T22:57:30","date_gmt":"2011-02-18T20:57:30","guid":{"rendered":"http:\/\/www.ades-grenoble.org\/wordpress\/?p=3292"},"modified":"2011-03-05T16:11:58","modified_gmt":"2011-03-05T14:11:58","slug":"une-autre-cooperation-decentralisee-en-tunisie-difficile-a-comprendre-pour-certains","status":"publish","type":"post","link":"https:\/\/www.ades-grenoble.org\/wordpress\/2011\/02\/18\/une-autre-cooperation-decentralisee-en-tunisie-difficile-a-comprendre-pour-certains\/","title":{"rendered":"Une autre coop\u00e9ration d\u00e9centralis\u00e9e en Tunisie : difficile \u00e0 comprendre pour certains"},"content":{"rendered":"<p>A la suite de la question <a href=\"http:\/\/grenoble-ecologie-solidarite.fr\/grenoble2008\/\" target=\"_blank\">des \u00e9lu-es grenoblois du groupe Ecologie et Solidarit\u00e9<\/a> sur la pertinence du d\u00e9placement en Tunisie du 7 au 12 janvier 2011, de 2 \u00e9lus de la majorit\u00e9 municipale, il faut se rendre \u00e0 l\u2019\u00e9vidence, l\u2019un des deux n\u2019a visiblement, pas encore bien compris qu\u2019il fallait proc\u00e9der autrement.<\/p>\n<p>Et comme pour le prouver, le pr\u00e9sident de la Soci\u00e9t\u00e9 Publique Locale SAGES qu\u2019il est \u00e9galement, n\u2019a pas trouv\u00e9 mieux que de proposer derni\u00e8rement \u00e0 son conseil d\u2019administration un projet de \u00ab\u00a0coop\u00e9ration d\u00e9centralis\u00e9\u00a0\u00bb avec la ville de\u2026 Sfax (Tunisie). Plusieurs membres du conseil d\u2019administration, \u00e9lu-es de la majorit\u00e9, ont imm\u00e9diatement protest\u00e9 avec virulence, arguant de la d\u00e9cision prise la veille en groupe majoritaire, que toute initiative de coop\u00e9ration d\u00e9centralis\u00e9e serait d\u00e9sormais soumise \u00e0 un d\u00e9bat pr\u00e9alable. Apparemment, il s\u2019av\u00e8re que certains ont un mal fou \u00e0 comprendre qu\u2019une assembl\u00e9e puisse fonctionner d\u00e9mocratiquement, leurs coll\u00e8gues vont devoir faire preuve de p\u00e9dagogie et de beaucoup de patience.<\/p>\n<p>Personne ne doute que la bonne sant\u00e9 \u00e9conomique de la Tunisie sera l\u2019un des atouts de la r\u00e9ussite de ce grand mouvement de transformation. D\u2019autant plus, que l\u2019une des principales revendications porte sur les cr\u00e9ations d\u2019emplois, notamment pour des jeunes dipl\u00f4m\u00e9s. Cependant, il est indispensable de prendre, ne serait-ce qu\u2019un peu, le temps de r\u00e9fl\u00e9chir \u00e0 la question de la coop\u00e9ration d\u00e9centralis\u00e9e avec Sfax.<\/p>\n<p>La majorit\u00e9 a d\u00e9cid\u00e9 d\u2019un d\u00e9bat d\u00e9mocratique avec l\u2019ensemble du conseil municipal, prenons-l\u00e0 au mot, seuls les actes comptent.<\/p>\n<p>Concernant Sfax et la Tunisie, nous persistons \u00e0 dire qu\u2019il faut d\u2019abord solliciter l\u2019avis du nouveau Collectif de Tunisiens et Franco-tunisiens qui vient d\u2019\u00eatre cr\u00e9\u00e9 \u00e0 Grenoble. Cette instance rassemble une tr\u00e8s grande majorit\u00e9 des composantes de la diaspora tunisienne. Il est vraisemblable qu\u2019il y aura une demande de poursuite de la relation avec Sfax, mais elle pourrait peut \u00eatre faire l\u2019objet d\u2019une orientation nouvelle avec des villes de l\u2019int\u00e9rieur du pays qui sont en plus grandes difficult\u00e9s, \u00e9conomiques, sanitaires et sociales.<\/p>\n<p>Ce collectif saura orienter la coop\u00e9ration sur ce qui lui para\u00eet le plus essentiel dans l\u2019imm\u00e9diat pour aider le Peuple Tunisien \u00e0 r\u00e9ussir sur la dur\u00e9e, \u00e0 Sfax et ailleurs, ce qu\u2019il faudra bien nommer une r\u00e9volution.<\/p>\n","protected":false},"excerpt":{"rendered":"<p>A la suite de la question des \u00e9lu-es grenoblois du groupe Ecologie et Solidarit\u00e9 sur la pertinence du d\u00e9placement en Tunisie du 7 au 12 janvier 2011, de 2 \u00e9lus de la majorit\u00e9 municipale, il faut se rendre \u00e0 l\u2019\u00e9vidence, l\u2019un des deux n\u2019a visiblement, pas encore bien compris qu\u2019il fallait proc\u00e9der autrement. Et comme [&hellip;]<\/p>\n","protected":false},"author":1,"featured_media":0,"comment_status":"closed","ping_status":"open","sticky":false,"template":"","format":"standard","meta":{"twitterCardType":"","cardImageID":0,"cardImage":"","cardTitle":"","cardDesc":"","cardImageAlt":"","cardPlayer":"","cardPlayerWidth":0,"cardPlayerHeight":0,"cardPlayerStream":"","cardPlayerCodec":"","footnotes":""},"categories":[11],"tags":[67],"class_list":["post-3292","post","type-post","status-publish","format-standard","hentry","category-politique-locale","tag-conseil-municipal"],"_links":{"self":[{"href":"https:\/\/www.ades-grenoble.org\/wordpress\/wp-json\/wp\/v2\/posts\/3292","targetHints":{"allow":["GET"]}}],"collection":[{"href":"https:\/\/www.ades-grenoble.org\/wordpress\/wp-json\/wp\/v2\/posts"}],"about":[{"href":"https:\/\/www.ades-grenoble.org\/wordpress\/wp-json\/wp\/v2\/types\/post"}],"author":[{"embeddable":true,"href":"https:\/\/www.ades-grenoble.org\/wordpress\/wp-json\/wp\/v2\/users\/1"}],"replies":[{"embeddable":true,"href":"https:\/\/www.ades-grenoble.org\/wordpress\/wp-json\/wp\/v2\/comments?post=3292"}],"version-history":[{"count":4,"href":"https:\/\/www.ades-grenoble.org\/wordpress\/wp-json\/wp\/v2\/posts\/3292\/revisions"}],"predecessor-version":[{"id":3432,"href":"https:\/\/www.ades-grenoble.org\/wordpress\/wp-json\/wp\/v2\/posts\/3292\/revisions\/3432"}],"wp:attachment":[{"href":"https:\/\/www.ades-grenoble.org\/wordpress\/wp-json\/wp\/v2\/media?parent=3292"}],"wp:term":[{"taxonomy":"category","embeddable":true,"href":"https:\/\/www.ades-grenoble.org\/wordpress\/wp-json\/wp\/v2\/categories?post=3292"},{"taxonomy":"post_tag","embeddable":true,"href":"https:\/\/www.ades-grenoble.org\/wordpress\/wp-json\/wp\/v2\/tags?post=3292"}],"curies":[{"name":"wp","href":"https:\/\/api.w.org\/{rel}","templated":true}]}}