{"id":3296,"date":"2011-02-18T22:59:49","date_gmt":"2011-02-18T20:59:49","guid":{"rendered":"http:\/\/www.ades-grenoble.org\/wordpress\/?p=3296"},"modified":"2011-02-18T22:59:49","modified_gmt":"2011-02-18T20:59:49","slug":"parking-de-l%e2%80%99hotel-de-ville-suite","status":"publish","type":"post","link":"https:\/\/www.ades-grenoble.org\/wordpress\/2011\/02\/18\/parking-de-l%e2%80%99hotel-de-ville-suite\/","title":{"rendered":"Parking de l\u2019h\u00f4tel de ville suite"},"content":{"rendered":"<p>Le groupe des \u00e9lus socialistes et apparent\u00e9s \u00e0 la mairie de Grenoble \u00e9dite maintenant des br\u00e8ves \u00e9lectroniques. Dans la br\u00e8ve n\u00b05, ils pol\u00e9miquent sur le co\u00fbt du parking sous le stade, en contestant le chiffre de 500\u00a0k\u20ac par an pendant 30 ans que nous avions annonc\u00e9.<\/p>\n<p>Pour eux c\u2019est seulement 200 k\u20ac par an pendant 40 ans (110 k\u20ac d\u2019amortissements et 90 k\u20ac d\u2019int\u00e9r\u00eats des emprunts).<\/p>\n<p>Revenons donc aux r\u00e9alit\u00e9s des chiffres. Le 26 septembre 2005, le Conseil municipal vote le co\u00fbt de construction du parking sous le stade (seuls les \u00e9cologistes votent contre) pour 13 millions d\u2019euros HT. Les amortissements d\u2019une telle somme, \u00e9tal\u00e9s sur 40 ans (pour prendre le chiffre de la majorit\u00e9 droite-gauche) repr\u00e9sentent 325 k\u20ac par an.<\/p>\n<p>Le Compte administratif 2009 de la ville indique qu\u2019en fonctionnement, le parking co\u00fbte 160 k\u20ac et ne rapporte que 30 k\u20ac\u00a0! La majorit\u00e9 feint d\u2019oublier ce d\u00e9ficit. De plus il faut ajouter \u00e0 ces sommes environ 90 k\u20ac d\u2019int\u00e9r\u00eats des emprunts contract\u00e9s pour financer cet investissement.<\/p>\n<p>Conclusion, le co\u00fbt annuel du parking d\u00e9passe les 500 k\u20ac (325 + 130 + 90= 545).<\/p>\n<p>C\u2019est un exemple parmi d\u2019autres d\u2019un pur gaspillage d\u2019argent public puisque ce parking ne sert \u00e0 rien, personne ou presque ne vient s\u2019y garer.<\/p>\n<p>Ce qui est amusant c\u2019est que le groupe socialiste et apparent\u00e9 reprend le chiffre de 90 k\u20ac comme montant des int\u00e9r\u00eats des emprunts, chiffre que nous avions estim\u00e9, alors que le maire \u00e9tait incapable d\u2019avancer un chiffre dans sa r\u00e9ponse \u00e0 une question orale des \u00e9cologistes. Si m\u00eame les \u00ab\u00a0godillots\u00a0\u00bb du maire lui font la le\u00e7on\u2026 rien ne va plus.<\/p>\n","protected":false},"excerpt":{"rendered":"<p>Le groupe des \u00e9lus socialistes et apparent\u00e9s \u00e0 la mairie de Grenoble \u00e9dite maintenant des br\u00e8ves \u00e9lectroniques. Dans la br\u00e8ve n\u00b05, ils pol\u00e9miquent sur le co\u00fbt du parking sous le stade, en contestant le chiffre de 500\u00a0k\u20ac par an pendant 30 ans que nous avions annonc\u00e9. Pour eux c\u2019est seulement 200 k\u20ac par an pendant [&hellip;]<\/p>\n","protected":false},"author":1,"featured_media":0,"comment_status":"closed","ping_status":"open","sticky":false,"template":"","format":"standard","meta":{"twitterCardType":"","cardImageID":0,"cardImage":"","cardTitle":"","cardDesc":"","cardImageAlt":"","cardPlayer":"","cardPlayerWidth":0,"cardPlayerHeight":0,"cardPlayerStream":"","cardPlayerCodec":"","footnotes":""},"categories":[16],"tags":[67,233],"class_list":["post-3296","post","type-post","status-publish","format-standard","hentry","category-stade","tag-conseil-municipal","tag-stade"],"_links":{"self":[{"href":"https:\/\/www.ades-grenoble.org\/wordpress\/wp-json\/wp\/v2\/posts\/3296","targetHints":{"allow":["GET"]}}],"collection":[{"href":"https:\/\/www.ades-grenoble.org\/wordpress\/wp-json\/wp\/v2\/posts"}],"about":[{"href":"https:\/\/www.ades-grenoble.org\/wordpress\/wp-json\/wp\/v2\/types\/post"}],"author":[{"embeddable":true,"href":"https:\/\/www.ades-grenoble.org\/wordpress\/wp-json\/wp\/v2\/users\/1"}],"replies":[{"embeddable":true,"href":"https:\/\/www.ades-grenoble.org\/wordpress\/wp-json\/wp\/v2\/comments?post=3296"}],"version-history":[{"count":2,"href":"https:\/\/www.ades-grenoble.org\/wordpress\/wp-json\/wp\/v2\/posts\/3296\/revisions"}],"predecessor-version":[{"id":3298,"href":"https:\/\/www.ades-grenoble.org\/wordpress\/wp-json\/wp\/v2\/posts\/3296\/revisions\/3298"}],"wp:attachment":[{"href":"https:\/\/www.ades-grenoble.org\/wordpress\/wp-json\/wp\/v2\/media?parent=3296"}],"wp:term":[{"taxonomy":"category","embeddable":true,"href":"https:\/\/www.ades-grenoble.org\/wordpress\/wp-json\/wp\/v2\/categories?post=3296"},{"taxonomy":"post_tag","embeddable":true,"href":"https:\/\/www.ades-grenoble.org\/wordpress\/wp-json\/wp\/v2\/tags?post=3296"}],"curies":[{"name":"wp","href":"https:\/\/api.w.org\/{rel}","templated":true}]}}