{"id":3305,"date":"2011-02-18T23:05:19","date_gmt":"2011-02-18T21:05:19","guid":{"rendered":"http:\/\/www.ades-grenoble.org\/wordpress\/?p=3305"},"modified":"2011-03-05T16:11:44","modified_gmt":"2011-03-05T14:11:44","slug":"petition-pour-garder-le-marche-de-larlequin-la-ou-il-se-trouve-actuellement","status":"publish","type":"post","link":"https:\/\/www.ades-grenoble.org\/wordpress\/2011\/02\/18\/petition-pour-garder-le-marche-de-larlequin-la-ou-il-se-trouve-actuellement\/","title":{"rendered":"P\u00e9tition pour garder le march\u00e9 de l&rsquo;Arlequin l\u00e0 o\u00f9 il se trouve actuellement"},"content":{"rendered":"<p>Une p\u00e9tition circule pour ne pas d\u00e9placer le march\u00e9 Villeneuve de la place de la Galerie de l&rsquo;Arlequin. Situ\u00e9 au c\u0153ur m\u00eame du quartier et \u00e0 proximit\u00e9 de deux maisons de retraite, il est un lieu d&rsquo;\u00e9changes et de rencontres entre les habitants de toutes origines (sociales, culturelles\u2026).<\/p>\n<p>Les militants de l&rsquo;Union de Quartier de la Villeneuve ont d\u00e9pos\u00e9 un exemplaire de la p\u00e9tition au rez de chauss\u00e9e de la maison de retraite qui donne sur le march\u00e9. Ses habitants, se d\u00e9pla\u00e7ant parfois \u00e0 l&rsquo;aide d&rsquo;un d\u00e9ambulateur, font facilement leurs courses au pied de chez eux. Ce qui leur permet aussi de rencontrer des habitants et des commer\u00e7ants, de discuter un peu.<\/p>\n<p>Au cours d&rsquo;une br\u00e8ve visite, l\u2019adjointe (du groupe GO) charg\u00e9e des personnes \u00e2g\u00e9es, a exig\u00e9 le retrait imm\u00e9diat de la p\u00e9tition et copieusement \u00ab\u00a0engueul\u00e9\u00a0\u00bb le personnel de la maison de retraite.<\/p>\n<p>Il ne fallait surtout pas que les habitants de la maison de retraite soient consult\u00e9s. Bien s\u00fbr, comment imaginer qu&rsquo;ils soient pour le d\u00e9placement du march\u00e9 qui est si pratique pour eux et qui leur permet de rester ind\u00e9pendants !<\/p>\n<p>Une habitante de l&rsquo;Arlequin.<\/p>\n","protected":false},"excerpt":{"rendered":"<p>Une p\u00e9tition circule pour ne pas d\u00e9placer le march\u00e9 Villeneuve de la place de la Galerie de l&rsquo;Arlequin. Situ\u00e9 au c\u0153ur m\u00eame du quartier et \u00e0 proximit\u00e9 de deux maisons de retraite, il est un lieu d&rsquo;\u00e9changes et de rencontres entre les habitants de toutes origines (sociales, culturelles\u2026). Les militants de l&rsquo;Union de Quartier de [&hellip;]<\/p>\n","protected":false},"author":1,"featured_media":0,"comment_status":"closed","ping_status":"open","sticky":false,"template":"","format":"standard","meta":{"twitterCardType":"","cardImageID":0,"cardImage":"","cardTitle":"","cardDesc":"","cardImageAlt":"","cardPlayer":"","cardPlayerWidth":0,"cardPlayerHeight":0,"cardPlayerStream":"","cardPlayerCodec":"","footnotes":""},"categories":[],"tags":[12,82],"class_list":["post-3305","post","type-post","status-publish","format-standard","hentry","tag-mobilisations","tag-villeneuve"],"_links":{"self":[{"href":"https:\/\/www.ades-grenoble.org\/wordpress\/wp-json\/wp\/v2\/posts\/3305","targetHints":{"allow":["GET"]}}],"collection":[{"href":"https:\/\/www.ades-grenoble.org\/wordpress\/wp-json\/wp\/v2\/posts"}],"about":[{"href":"https:\/\/www.ades-grenoble.org\/wordpress\/wp-json\/wp\/v2\/types\/post"}],"author":[{"embeddable":true,"href":"https:\/\/www.ades-grenoble.org\/wordpress\/wp-json\/wp\/v2\/users\/1"}],"replies":[{"embeddable":true,"href":"https:\/\/www.ades-grenoble.org\/wordpress\/wp-json\/wp\/v2\/comments?post=3305"}],"version-history":[{"count":4,"href":"https:\/\/www.ades-grenoble.org\/wordpress\/wp-json\/wp\/v2\/posts\/3305\/revisions"}],"predecessor-version":[{"id":3430,"href":"https:\/\/www.ades-grenoble.org\/wordpress\/wp-json\/wp\/v2\/posts\/3305\/revisions\/3430"}],"wp:attachment":[{"href":"https:\/\/www.ades-grenoble.org\/wordpress\/wp-json\/wp\/v2\/media?parent=3305"}],"wp:term":[{"taxonomy":"category","embeddable":true,"href":"https:\/\/www.ades-grenoble.org\/wordpress\/wp-json\/wp\/v2\/categories?post=3305"},{"taxonomy":"post_tag","embeddable":true,"href":"https:\/\/www.ades-grenoble.org\/wordpress\/wp-json\/wp\/v2\/tags?post=3305"}],"curies":[{"name":"wp","href":"https:\/\/api.w.org\/{rel}","templated":true}]}}