{"id":3339,"date":"2011-02-25T22:14:26","date_gmt":"2011-02-25T20:14:26","guid":{"rendered":"http:\/\/www.ades-grenoble.org\/wordpress\/?p=3339"},"modified":"2011-03-25T23:59:24","modified_gmt":"2011-03-25T21:59:24","slug":"ump-38-loin-de-la-parite-et-de-la-democratie%e2%80%a6","status":"publish","type":"post","link":"https:\/\/www.ades-grenoble.org\/wordpress\/2011\/02\/25\/ump-38-loin-de-la-parite-et-de-la-democratie%e2%80%a6\/","title":{"rendered":"UMP 38 loin de la parit\u00e9 et de la d\u00e9mocratie\u2026"},"content":{"rendered":"<p>Comme l\u2019UMP 38 est mise sous tutelle, c\u2019est Paris qui a tranch\u00e9 pour d\u00e9signer les candidats pour les cantonales, d\u00e9signation tr\u00e8s d\u00e9mocratique\u00a0!<\/p>\n<p>L\u2019UMP a eu du mal \u00e0 mettre des candidats dans tous les cantons renouvelables, seulement 23 pr\u00e9sent\u00e9s ou soutenus sur 29. De plus seules 5 candidates ont \u00e9t\u00e9 s\u00e9lectionn\u00e9es, mais l\u2019UMP fait un peu mieux que le PS (5 femmes sur 27).<\/p>\n<p>Ces deux partis sont battus \u00e0 plate couture par <a href=\"http:\/\/isere.eelv-cantonales.fr\/740-2\/\" target=\"_blank\">les \u00e9cologistes qui pr\u00e9sentent la parit\u00e9 parfaite (14 femmes pour 28 cantons)<\/a>.<\/p>\n","protected":false},"excerpt":{"rendered":"<p>Comme l\u2019UMP 38 est mise sous tutelle, c\u2019est Paris qui a tranch\u00e9 pour d\u00e9signer les candidats pour les cantonales, d\u00e9signation tr\u00e8s d\u00e9mocratique\u00a0! L\u2019UMP a eu du mal \u00e0 mettre des candidats dans tous les cantons renouvelables, seulement 23 pr\u00e9sent\u00e9s ou soutenus sur 29. De plus seules 5 candidates ont \u00e9t\u00e9 s\u00e9lectionn\u00e9es, mais l\u2019UMP fait un [&hellip;]<\/p>\n","protected":false},"author":1,"featured_media":0,"comment_status":"closed","ping_status":"open","sticky":false,"template":"","format":"standard","meta":{"twitterCardType":"","cardImageID":0,"cardImage":"","cardTitle":"","cardDesc":"","cardImageAlt":"","cardPlayer":"","cardPlayerWidth":0,"cardPlayerHeight":0,"cardPlayerStream":"","cardPlayerCodec":"","footnotes":""},"categories":[11],"tags":[85,42],"class_list":["post-3339","post","type-post","status-publish","format-standard","hentry","category-politique-locale","tag-cantonales","tag-droits-des-femmes"],"_links":{"self":[{"href":"https:\/\/www.ades-grenoble.org\/wordpress\/wp-json\/wp\/v2\/posts\/3339","targetHints":{"allow":["GET"]}}],"collection":[{"href":"https:\/\/www.ades-grenoble.org\/wordpress\/wp-json\/wp\/v2\/posts"}],"about":[{"href":"https:\/\/www.ades-grenoble.org\/wordpress\/wp-json\/wp\/v2\/types\/post"}],"author":[{"embeddable":true,"href":"https:\/\/www.ades-grenoble.org\/wordpress\/wp-json\/wp\/v2\/users\/1"}],"replies":[{"embeddable":true,"href":"https:\/\/www.ades-grenoble.org\/wordpress\/wp-json\/wp\/v2\/comments?post=3339"}],"version-history":[{"count":4,"href":"https:\/\/www.ades-grenoble.org\/wordpress\/wp-json\/wp\/v2\/posts\/3339\/revisions"}],"predecessor-version":[{"id":3342,"href":"https:\/\/www.ades-grenoble.org\/wordpress\/wp-json\/wp\/v2\/posts\/3339\/revisions\/3342"}],"wp:attachment":[{"href":"https:\/\/www.ades-grenoble.org\/wordpress\/wp-json\/wp\/v2\/media?parent=3339"}],"wp:term":[{"taxonomy":"category","embeddable":true,"href":"https:\/\/www.ades-grenoble.org\/wordpress\/wp-json\/wp\/v2\/categories?post=3339"},{"taxonomy":"post_tag","embeddable":true,"href":"https:\/\/www.ades-grenoble.org\/wordpress\/wp-json\/wp\/v2\/tags?post=3339"}],"curies":[{"name":"wp","href":"https:\/\/api.w.org\/{rel}","templated":true}]}}