{"id":3343,"date":"2011-02-25T22:18:05","date_gmt":"2011-02-25T20:18:05","guid":{"rendered":"http:\/\/www.ades-grenoble.org\/wordpress\/?p=3343"},"modified":"2012-05-27T19:03:41","modified_gmt":"2012-05-27T17:03:41","slug":"conseil-municipal-de-grenoble-21-fevrier-petit-florilege-des-derapages","status":"publish","type":"post","link":"https:\/\/www.ades-grenoble.org\/wordpress\/2011\/02\/25\/conseil-municipal-de-grenoble-21-fevrier-petit-florilege-des-derapages\/","title":{"rendered":"Conseil municipal de Grenoble 21 f\u00e9vrier, petit floril\u00e8ge des d\u00e9rapages"},"content":{"rendered":"<p>En pr\u00e9sentant le projet d\u2019am\u00e9nagement des quais de l\u2019Is\u00e8re, Jacques Chiron a parl\u00e9 de la place \u00ab\u00a0Louis\u00a0\u00bb Jouvin et comme aucun de ses coll\u00e8gues de la majorit\u00e9 n\u2019a song\u00e9 \u00e0 le reprendre, \u00ab\u00a0Louis\u00a0\u00bb Jouvin est venu \u00e0 plusieurs reprises dans son expos\u00e9. Alors Jouvin, oui\u00a0! Mais pourquoi Louis\u00a0? Bizarre, bizarre\u00a0! Faut-il voir dans cette erreur le r\u00e9sultat d\u2019un surmenage en raison des multiples fonctions de Jo\u00ebl, pardon Jacques Chiron (Conseiller g\u00e9n\u00e9ral, adjoint au maire en charge des d\u00e9placements, Pr\u00e9sident de la SEMITAG\u2026), ou bien les effets de la diffusion r\u00e9cente d\u2019un film de Louis Jouvet. Comme c\u2019est bizarre. En tout cas Xavier Jouvin, le promoteur de la ganterie dans notre r\u00e9gion, serait certainement troubl\u00e9 de se voir affubl\u00e9 d\u2019un autre pr\u00e9nom.<\/p>\n<p>Moralit\u00e9\u00a0: \u00e0 force de se faire du cin\u00e9ma, les \u00e9lus prennent de moins en moins de gants.<\/p>\n<p>On pourrait le dire par exemple de Ph. Falcon de Longevialle adjoint \u00e0 l\u2019immobilier, un vrai feuilleton \u00e0 lui seul. L\u2019\u00e9pisode le plus r\u00e9cent remonte au dernier conseil municipal o\u00f9 il pr\u00e9sentait les r\u00e9sultats du PLU (Plan Local d\u2019Urbanisme) lanc\u00e9 en 2005. Dans cet exercice, il a d\u00e9montr\u00e9 que dans la bataille des egos il n\u2019\u00e9tait pas si mal plac\u00e9. En 2005, il ne se pr\u00e9occupait gu\u00e8re des politiques men\u00e9es par la majorit\u00e9 de gauche et \u00e9cologiste de l\u2019\u00e9poque, ce qui ne l\u2019a pas emp\u00each\u00e9 d\u2019employer \u00ab\u00a0nous\u00a0\u00bb pour parler du travail r\u00e9alis\u00e9 tout en appelant \u00e0 faire preuve de modestie. On se demande bien \u00e0 qui pourrait s\u2019adresser cette recommandation. Cerise sur le g\u00e2teau, il n\u2019a pas h\u00e9sit\u00e9 (peu impressionn\u00e9 par les chiffres) \u00e0 d\u00e9clarer qu\u2019en 3 ans (donc depuis qu\u2019il est aux affaires) la ville avait r\u00e9alis\u00e9 pas moins de 10 ha de v\u00e9g\u00e9talisation. Cet homme qui travaille pour son propre compte est un magicien, on ne le dira jamais assez.<\/p>\n<p>On n\u2019a toujours pas trouv\u00e9 o\u00f9 \u00e9taient les 10 ha en question, mais s\u2019il le dit\u2026 c\u2019est sans doute faux.<\/p>\n<p><!--more-->Enfin, le pr\u00e9sident du groupe PS et assimil\u00e9s, qui n\u2019est jamais \u00e0 cours d\u2019une flatterie pour son maire ou pour la majorit\u00e9 municipale, vient de signer avec brio une des saillies dont il a le secret. \u00ab\u00a0Je vous le dis, il faut que nous soyons collectivement fiers que les familles soient revenues dans notre ville\u2026 alors que les \u00e9coles perdaient des classes\u00a0\u00bb. Il a juste un peu oubli\u00e9 l\u2019\u00e9norme travail r\u00e9alis\u00e9 sous le mandat pr\u00e9c\u00e8dent pour arriver \u00e0 ce r\u00e9sultat. Travail auquel bien s\u00fbr il n\u2019a pas pris part mais qu\u2019il jugeait du haut de la l\u00e9gitimit\u00e9 qu\u2019il s\u2019\u00e9tait octroy\u00e9e. Ah\u00a0! Les mots, quoi de mieux pour faire illusion.<\/p>\n<p>La commune de Grenoble devait donner un avis sur le Plan Local d\u2019Urbanisme &#8211; PLU de Saint Martin d\u2019H\u00e8res. Ce PLU est tr\u00e8s critiquable puisqu\u2019il justifie l\u2019extension \u00e9norme des surfaces commerciales dans la ZAC Neyrpic. Les \u00e9cologistes de St Martin d\u2019H\u00e8res se sont \u00e9lev\u00e9s contre cette extension et ont d\u00e9pos\u00e9 un recours contre la d\u00e9claration d\u2019utilit\u00e9 publique arr\u00eat\u00e9e suite \u00e0 l\u2019enqu\u00eate publique. Dans ce dossier il faut noter le manque de courage et de clart\u00e9 du Pr\u00e9sident du Sch\u00e9ma de Coh\u00e9rence Territoriale-SCOT (M. Ba\u00efetto) qui a commenc\u00e9 par dire que ce projet \u00e9tait contraire au SCOT puis a dit le contraire lors de l\u2019enqu\u00eate publique\u2026 Il n\u2019y a pas de vraie politique d\u2019agglom\u00e9ration respectueuse des grands principes. Il n\u2019est pas inutile de rappeler que lors de la d\u00e9cision d\u2019augmentation de la surface d\u2019une grande surface \u00e0 Comboire, Pierre Kermen, alors adjoint \u00e9cologiste au maire, en tant que repr\u00e9sentant de Grenoble avait vot\u00e9 contre cette extension \u00e0 la Commission D\u00e9partementale d\u2019Equipement Commercial &#8211; CDEC (puisque le SDAU pr\u00e9voyait un arr\u00eat de l\u2019extension des grandes surfaces) ce qui avait bloqu\u00e9 la chose. Mais il a \u00e9t\u00e9 d\u00e9mis par M. Destot qui a r\u00e9cup\u00e9r\u00e9 sa place \u00e0 la CDEC pour faire passer le projet.<\/p>\n<p>La majorit\u00e9 municipale de Grenoble a donn\u00e9 un avis favorable au PLU de St Martin d\u2019H\u00e8res mais sans faire le plein de ses voix. Certains \u00e9lus ayant du mal \u00e0 suivre les d\u00e9rives droiti\u00e8res du clan du maire, les fissures dans cette majorit\u00e9 sont de plus en plus fr\u00e9quentes.<\/p>\n<p>B. Betto adjoint de droite de M. Destot a qualifi\u00e9 le discours de G. Fioraso sur GIANT de po\u00e9sie\u00a0!!! Venant de l\u2019ancien adjoint \u00e0 la culture d\u2019A. Carignon, le propos doit \u00eatre appr\u00e9ci\u00e9 \u00e0 sa juste valeur. Nous recommandons vivement aux obs\u00e9d\u00e9s de la high tech de lire l\u2019article de Philippe Trouv\u00e9 dans \u00ab\u00a0Le Monde Economie\u00a0\u00bb du \u00a022 f\u00e9vrier 2011, intitul\u00e9\u00a0: <em>Sortons de l\u2019obsession de la \u00ab\u00a0high-tech\u00a0\u00bb<\/em> : <em>\u00ab\u00a0Or, non seulement \u00ab\u00a0la soci\u00e9t\u00e9 de la connaissance\u00a0\u00bb ne saurait se r\u00e9duire au d\u00e9veloppement des technologies les plus avanc\u00e9es, mais encore ce sont les secteurs traditionnels (appareils m\u00e9nagers, industrie alimentaire, papier, bois, meubles, m\u00e9tallurgie, plastique&#8230;), o\u00f9 les PME sont majoritaires, qui jouent toujours le r\u00f4le le plus important dans l&rsquo;innovation, la croissance et l&#8217;emploi.\u00bb<\/em><\/p>\n<p>A propos de la d\u00e9lib\u00e9ration sur le projet des quais, qui est globalement un bon projet (pour une fois il y a eu une concertation en amont des d\u00e9cisions), il faut remarquer que la r\u00e9mun\u00e9ration du ma\u00eetre d\u2019\u0153uvre (Marguerit) est un peu moins de 10 % des travaux, ce qui est correct, \u00e0 comparer aux 15,55 % g\u00e9n\u00e9reusement accord\u00e9s \u00e0 A. Chemetoff par le maire pour la ma\u00eetrise d\u2019\u0153uvre sur les espaces du centre ville (d\u00e9finition du programme et de l\u2019am\u00e9nagement).<\/p>\n","protected":false},"excerpt":{"rendered":"<p>En pr\u00e9sentant le projet d\u2019am\u00e9nagement des quais de l\u2019Is\u00e8re, Jacques Chiron a parl\u00e9 de la place \u00ab\u00a0Louis\u00a0\u00bb Jouvin et comme aucun de ses coll\u00e8gues de la majorit\u00e9 n\u2019a song\u00e9 \u00e0 le reprendre, \u00ab\u00a0Louis\u00a0\u00bb Jouvin est venu \u00e0 plusieurs reprises dans son expos\u00e9. Alors Jouvin, oui\u00a0! Mais pourquoi Louis\u00a0? Bizarre, bizarre\u00a0! Faut-il voir dans cette erreur [&hellip;]<\/p>\n","protected":false},"author":1,"featured_media":0,"comment_status":"closed","ping_status":"open","sticky":false,"template":"","format":"standard","meta":{"twitterCardType":"","cardImageID":0,"cardImage":"","cardTitle":"","cardDesc":"","cardImageAlt":"","cardPlayer":"","cardPlayerWidth":0,"cardPlayerHeight":0,"cardPlayerStream":"","cardPlayerCodec":"","footnotes":""},"categories":[10,11],"tags":[67,112,234],"class_list":["post-3343","post","type-post","status-publish","format-standard","hentry","category-autres-dossiers","category-politique-locale","tag-conseil-municipal","tag-fioraso","tag-giant"],"_links":{"self":[{"href":"https:\/\/www.ades-grenoble.org\/wordpress\/wp-json\/wp\/v2\/posts\/3343","targetHints":{"allow":["GET"]}}],"collection":[{"href":"https:\/\/www.ades-grenoble.org\/wordpress\/wp-json\/wp\/v2\/posts"}],"about":[{"href":"https:\/\/www.ades-grenoble.org\/wordpress\/wp-json\/wp\/v2\/types\/post"}],"author":[{"embeddable":true,"href":"https:\/\/www.ades-grenoble.org\/wordpress\/wp-json\/wp\/v2\/users\/1"}],"replies":[{"embeddable":true,"href":"https:\/\/www.ades-grenoble.org\/wordpress\/wp-json\/wp\/v2\/comments?post=3343"}],"version-history":[{"count":6,"href":"https:\/\/www.ades-grenoble.org\/wordpress\/wp-json\/wp\/v2\/posts\/3343\/revisions"}],"predecessor-version":[{"id":5811,"href":"https:\/\/www.ades-grenoble.org\/wordpress\/wp-json\/wp\/v2\/posts\/3343\/revisions\/5811"}],"wp:attachment":[{"href":"https:\/\/www.ades-grenoble.org\/wordpress\/wp-json\/wp\/v2\/media?parent=3343"}],"wp:term":[{"taxonomy":"category","embeddable":true,"href":"https:\/\/www.ades-grenoble.org\/wordpress\/wp-json\/wp\/v2\/categories?post=3343"},{"taxonomy":"post_tag","embeddable":true,"href":"https:\/\/www.ades-grenoble.org\/wordpress\/wp-json\/wp\/v2\/tags?post=3343"}],"curies":[{"name":"wp","href":"https:\/\/api.w.org\/{rel}","templated":true}]}}