{"id":3347,"date":"2011-02-25T22:20:13","date_gmt":"2011-02-25T20:20:13","guid":{"rendered":"http:\/\/www.ades-grenoble.org\/wordpress\/?p=3347"},"modified":"2011-03-25T23:59:39","modified_gmt":"2011-03-25T21:59:39","slug":"les-dernieres-nouvelles-de-la-majorite-droite-gauche-a-grenoble","status":"publish","type":"post","link":"https:\/\/www.ades-grenoble.org\/wordpress\/2011\/02\/25\/les-dernieres-nouvelles-de-la-majorite-droite-gauche-a-grenoble\/","title":{"rendered":"Les derni\u00e8res nouvelles de la majorit\u00e9 droite-gauche \u00e0 Grenoble"},"content":{"rendered":"<ul>\n<li>Au \tconseil municipal du 21 f\u00e9vrier, l\u2019adjoint charg\u00e9 de l\u2019\u00e9ducation \tessayant de justifier l\u2019augmentation du montant des aides aux \t\u00e9coles priv\u00e9es par rapport au pr\u00e9c\u00e9dent mandat\u00a0: <em>\u00ab\u00a0un \t\u00e9l\u00e8ve de l\u2019\u00e9cole priv\u00e9e co\u00fbte moins cher qu\u2019un \u00e9l\u00e8ve de \tl\u2019\u00e9cole publique\u00a0\u00bb.<\/em> Et il l\u2019a r\u00e9p\u00e9t\u00e9 deux fois au cas o\u00f9 il n\u2019aurait pas \u00e9t\u00e9 \tcompris. Stupeur sur certains visages de ses coll\u00e8gues de la \tmajorit\u00e9. Avec ce genre de r\u00e9flexions, il est \u00e0 craindre que la \tmajorit\u00e9 municipale accompagne le gouvernement dans son entreprise \tde destruction du service public d\u2019\u00e9ducation au profit du secteur \tpriv\u00e9, sous pr\u00e9texte d&rsquo;\u00e9conomies.<\/li>\n<\/ul>\n<ul>\n<li>Lors \td\u2019une conf\u00e9rence de presse relat\u00e9e dans le Dauphin\u00e9 Lib\u00e9r\u00e9 du \t21 f\u00e9vrier, le  groupe PS et assimil\u00e9s a d\u00e9clar\u00e9 pour anticiper \tles critiques des \u00e9cologistes  <em>\u00ab\u00a0 Oui, Grenoble doit avoir \tune action \u00e9conomique pour rester attractive. Cela ne nous pose pas \tde probl\u00e8mes \u00e0 partir du moment o\u00f9 un euro d\u00e9pens\u00e9 rapporte 10 \tfois plus\u00a0\u00bb<\/em> ! Mais il ne pr\u00e9cise pas \u00e0 qui \u00e7a \trapporte autant. Est-ce aux actionnaires priv\u00e9s qui empochent les \tsubventions publiques, aux bureaux d\u2019\u00e9tudes proches, est ce \u00e0 la \tVille\u00a0?  Ce chiffre est tout \u00e0 fait surprenant. Jusqu\u2019\u00e0 \tmaintenant les plus optimistes disaient qu\u2019un euro d\u00e9pens\u00e9 pour \tcr\u00e9er un emploi direct entra\u00eenait la cr\u00e9ation de 3 emplois \tindirects. D\u00e9cidemment cette majorit\u00e9 raconte n\u2019importe quoi, \tesp\u00e9rant que plus c\u2019est gros et mieux \u00e7a passera. Mais il ne \tsuffit pas d\u2019affirmer pour \u00eatre dans le vrai, comme aime \u00e0 le \tdire le maire. Aussi nous attendons avec impatience la d\u00e9monstration \tpr\u00e9cise de ce nouveau miracle \u00e9conomique.<\/li>\n<\/ul>\n","protected":false},"excerpt":{"rendered":"<p>Au conseil municipal du 21 f\u00e9vrier, l\u2019adjoint charg\u00e9 de l\u2019\u00e9ducation essayant de justifier l\u2019augmentation du montant des aides aux \u00e9coles priv\u00e9es par rapport au pr\u00e9c\u00e9dent mandat\u00a0: \u00ab\u00a0un \u00e9l\u00e8ve de l\u2019\u00e9cole priv\u00e9e co\u00fbte moins cher qu\u2019un \u00e9l\u00e8ve de l\u2019\u00e9cole publique\u00a0\u00bb. Et il l\u2019a r\u00e9p\u00e9t\u00e9 deux fois au cas o\u00f9 il n\u2019aurait pas \u00e9t\u00e9 compris. Stupeur sur [&hellip;]<\/p>\n","protected":false},"author":1,"featured_media":0,"comment_status":"closed","ping_status":"open","sticky":false,"template":"","format":"standard","meta":{"twitterCardType":"","cardImageID":0,"cardImage":"","cardTitle":"","cardDesc":"","cardImageAlt":"","cardPlayer":"","cardPlayerWidth":0,"cardPlayerHeight":0,"cardPlayerStream":"","cardPlayerCodec":"","footnotes":""},"categories":[11],"tags":[67,54],"class_list":["post-3347","post","type-post","status-publish","format-standard","hentry","category-politique-locale","tag-conseil-municipal","tag-politique-droite-gauche"],"_links":{"self":[{"href":"https:\/\/www.ades-grenoble.org\/wordpress\/wp-json\/wp\/v2\/posts\/3347","targetHints":{"allow":["GET"]}}],"collection":[{"href":"https:\/\/www.ades-grenoble.org\/wordpress\/wp-json\/wp\/v2\/posts"}],"about":[{"href":"https:\/\/www.ades-grenoble.org\/wordpress\/wp-json\/wp\/v2\/types\/post"}],"author":[{"embeddable":true,"href":"https:\/\/www.ades-grenoble.org\/wordpress\/wp-json\/wp\/v2\/users\/1"}],"replies":[{"embeddable":true,"href":"https:\/\/www.ades-grenoble.org\/wordpress\/wp-json\/wp\/v2\/comments?post=3347"}],"version-history":[{"count":3,"href":"https:\/\/www.ades-grenoble.org\/wordpress\/wp-json\/wp\/v2\/posts\/3347\/revisions"}],"predecessor-version":[{"id":3702,"href":"https:\/\/www.ades-grenoble.org\/wordpress\/wp-json\/wp\/v2\/posts\/3347\/revisions\/3702"}],"wp:attachment":[{"href":"https:\/\/www.ades-grenoble.org\/wordpress\/wp-json\/wp\/v2\/media?parent=3347"}],"wp:term":[{"taxonomy":"category","embeddable":true,"href":"https:\/\/www.ades-grenoble.org\/wordpress\/wp-json\/wp\/v2\/categories?post=3347"},{"taxonomy":"post_tag","embeddable":true,"href":"https:\/\/www.ades-grenoble.org\/wordpress\/wp-json\/wp\/v2\/tags?post=3347"}],"curies":[{"name":"wp","href":"https:\/\/api.w.org\/{rel}","templated":true}]}}