{"id":385,"date":"2009-03-08T16:35:55","date_gmt":"2009-03-08T14:35:55","guid":{"rendered":"http:\/\/www.ades-grenoble.org\/wordpress\/?p=385"},"modified":"2009-08-10T12:22:30","modified_gmt":"2009-08-10T10:22:30","slug":"nous-la-montagne-on-laime-sans-les-jo","status":"publish","type":"post","link":"https:\/\/www.ades-grenoble.org\/wordpress\/2009\/03\/08\/nous-la-montagne-on-laime-sans-les-jo\/","title":{"rendered":"Nous la montagne on l&rsquo;aime sans les JO !"},"content":{"rendered":"<p><img loading=\"lazy\" decoding=\"async\" class=\"alignleft size-medium wp-image-387\" style=\"border: 0pt none; margin: 2px; float: left;\" title=\"banderolletremplin1\" src=\"http:\/\/www.ades-grenoble.org\/wordpress\/wp-content\/uploads\/2009\/03\/banderolletremplin1.jpg\" alt=\"banderolletremplin1\" width=\"128\" height=\"85\" \/>Voil\u00e0 le slogan que des montagnards grenoblois sont all\u00e9 d\u00e9ployer au pied du tremplin de saut de St Nizier, ruine d\u00e9cr\u00e9pite des JO de 68, puis au Moucherotte, samedi 7 mars 2009<\/p>\n<p>Extrait de leur appel :<\/p>\n<p>\u00ab\u00a0<em>Professionnels de la montagne, \u00ab\u00a0pratiquants\u00a0\u00bb assidus, simples contemplatifs du week end ou citoyens concern\u00e9s, nous sommes rassembl\u00e9s aujourd\u2019hui pour manifester notre opposition \u00e0 la candidature de Grenoble aux jeux olympiques de 2018\u00a0: sous pr\u00e9texte d\u2019accueillir un \u00e9v\u00e9nement mondial le temps d\u2019une quinzaine, c\u2019est tout le fragile \u00e9quilibre \u00e9cologique, sociologique et \u00e9conomique d\u2019une r\u00e9gion qui va se trouver durablement perturb\u00e9.<\/em>\u00a0\u00bb<\/p>\n<p>Voir les d\u00e9tails sur <a href=\"http:\/\/grenoble2018.wordpress.com\/\" target=\"_blank\">leur site<\/a><\/p>\n","protected":false},"excerpt":{"rendered":"<p>Voil\u00e0 le slogan que des montagnards grenoblois sont all\u00e9 d\u00e9ployer au pied du tremplin de saut de St Nizier, ruine d\u00e9cr\u00e9pite des JO de 68, puis au Moucherotte, samedi 7 mars 2009 Extrait de leur appel : \u00ab\u00a0Professionnels de la montagne, \u00ab\u00a0pratiquants\u00a0\u00bb assidus, simples contemplatifs du week end ou citoyens concern\u00e9s, nous sommes rassembl\u00e9s aujourd\u2019hui [&hellip;]<\/p>\n","protected":false},"author":1,"featured_media":0,"comment_status":"open","ping_status":"open","sticky":false,"template":"","format":"standard","meta":{"twitterCardType":"","cardImageID":0,"cardImage":"","cardTitle":"","cardDesc":"","cardImageAlt":"","cardPlayer":"","cardPlayerWidth":0,"cardPlayerHeight":0,"cardPlayerStream":"","cardPlayerCodec":"","footnotes":""},"categories":[10,11],"tags":[20],"class_list":["post-385","post","type-post","status-publish","format-standard","hentry","category-autres-dossiers","category-politique-locale","tag-jo"],"_links":{"self":[{"href":"https:\/\/www.ades-grenoble.org\/wordpress\/wp-json\/wp\/v2\/posts\/385","targetHints":{"allow":["GET"]}}],"collection":[{"href":"https:\/\/www.ades-grenoble.org\/wordpress\/wp-json\/wp\/v2\/posts"}],"about":[{"href":"https:\/\/www.ades-grenoble.org\/wordpress\/wp-json\/wp\/v2\/types\/post"}],"author":[{"embeddable":true,"href":"https:\/\/www.ades-grenoble.org\/wordpress\/wp-json\/wp\/v2\/users\/1"}],"replies":[{"embeddable":true,"href":"https:\/\/www.ades-grenoble.org\/wordpress\/wp-json\/wp\/v2\/comments?post=385"}],"version-history":[{"count":9,"href":"https:\/\/www.ades-grenoble.org\/wordpress\/wp-json\/wp\/v2\/posts\/385\/revisions"}],"predecessor-version":[{"id":604,"href":"https:\/\/www.ades-grenoble.org\/wordpress\/wp-json\/wp\/v2\/posts\/385\/revisions\/604"}],"wp:attachment":[{"href":"https:\/\/www.ades-grenoble.org\/wordpress\/wp-json\/wp\/v2\/media?parent=385"}],"wp:term":[{"taxonomy":"category","embeddable":true,"href":"https:\/\/www.ades-grenoble.org\/wordpress\/wp-json\/wp\/v2\/categories?post=385"},{"taxonomy":"post_tag","embeddable":true,"href":"https:\/\/www.ades-grenoble.org\/wordpress\/wp-json\/wp\/v2\/tags?post=385"}],"curies":[{"name":"wp","href":"https:\/\/api.w.org\/{rel}","templated":true}]}}