{"id":3884,"date":"2011-04-29T21:28:17","date_gmt":"2011-04-29T19:28:17","guid":{"rendered":"http:\/\/www.ades-grenoble.org\/wordpress\/?p=3884"},"modified":"2011-04-29T21:28:17","modified_gmt":"2011-04-29T19:28:17","slug":"des-propositions-des-ecologistes-pour-l%e2%80%99avenir-de-la-villeneuve","status":"publish","type":"post","link":"https:\/\/www.ades-grenoble.org\/wordpress\/2011\/04\/29\/des-propositions-des-ecologistes-pour-l%e2%80%99avenir-de-la-villeneuve\/","title":{"rendered":"Des propositions des \u00e9cologistes pour l\u2019avenir de la Villeneuve"},"content":{"rendered":"<p>Au conseil municipal du 18 avril, la majorit\u00e9 a adopt\u00e9 une d\u00e9lib\u00e9ration \u00ab\u00a0fourre-tout\u00a0\u00bb sur la Villeneuve.<\/p>\n<p>Le groupe des \u00e9lus \u00e9cologistes a vot\u00e9 en partie contre cette d\u00e9lib\u00e9ration car elle ne pr\u00e9sente pas les bonnes solutions. Voici des propositions des \u00e9cologistes sur ce dossier\u00a0:<\/p>\n<p>Rien ne se fera d\u2019efficace sans l\u2019adh\u00e9sion de la majorit\u00e9 des habitants\u00a0: on ne fait pas le bonheur des gens malgr\u00e9 eux\u00a0! Or depuis des ann\u00e9es, des r\u00e9unions sont organis\u00e9es avec les habitants dont certaines ont connu une grande participation, depuis des ann\u00e9es des habitants font des propositions et malgr\u00e9 cela, la majorit\u00e9 municipale en fait peu de cas et s\u2019en tient \u00e0 sa propre id\u00e9e sur les diff\u00e9rents projets. Il n\u2019y a aucune vision \u00e0 long terme de ce que devrait devenir ce quartier et les solutions prises sont li\u00e9es \u00e0 des imp\u00e9ratifs purement financiers impos\u00e9s de l\u2019ext\u00e9rieur par l\u2019ANRU (Agence Nationale de Renouvellement Urbain) qui est une machine mise en place par le gouvernement de droite pour faire fonctionner l\u2019industrie du b\u00e2timent\u00a0: l\u2019aide \u00e0 la construction ou \u00e0 la r\u00e9novation est soumise \u00e0 des imp\u00e9ratifs de d\u00e9molition. Cependant, lorsque des \u00e9lu-es apportent un projet coh\u00e9rent, l\u2019ANRU peut faire \u00e9voluer ses dogmes.<\/p>\n<p>La destruction d\u2019appartements pourrait se d\u00e9fendre dans le cas d\u2019immeubles insalubres ou pour am\u00e9liorer la qualit\u00e9 de vie, mais d\u00e9truire des logements en bon \u00e9tat, pour la seule vision d\u2019un parc est une absurdit\u00e9. A Mistral, la destruction des barres Strauss pouvait se justifier en raison de leur \u00e9tat d\u00e9grad\u00e9, m\u00eame si certains \u00e0 l\u2019\u00e9poque s\u2019\u00e9taient \u00e9lev\u00e9s contre cette destruction. A Jean Mac\u00e9, c&rsquo;est la s\u00e9curit\u00e9 du b\u00e2ti qui a rendu n\u00e9cessaire la d\u00e9molition avant la reconstruction. Il en va de m\u00eame pour Ch\u00e2telet 1 et 2, ainsi que pour l\u2019Abbaye. A la Villeneuve la destruction du 50 est fond\u00e9e sur une simple question d\u2019ouverture du quartier pour cr\u00e9er une perspective vers le parc. Il n\u2019est pas besoin d\u2019\u00eatre architecte, urbaniste ou technicien de l\u2019am\u00e9nagement pour constater qu&rsquo;il s&rsquo;agit l\u00e0 d&rsquo;une illusion puisqu\u2019au-del\u00e0 du 50, le 70 Galerie de l\u2019Arlequin emp\u00eache la vue sur le parc\u00a0! D\u2019ailleurs un cabinet d\u2019architectes (INterland) choisi par la ville avait pr\u00e9conis\u00e9 de ne pas d\u00e9molir. Au lieu d\u2019\u00e9tudier ses propositions, la majorit\u00e9 l&rsquo;a remerci\u00e9 car il n\u2019allait pas dans le sens voulu par les promoteurs du projet.<\/p>\n<p>A la Villeneuve, comme ailleurs, il faudrait agir simultan\u00e9ment dans cinq grandes directions, dont la ligne directrice est l\u2019am\u00e9lioration rapide de la vie quotidienne pour tous et les choix pr\u00e9cis seront faits apr\u00e8s d\u00e9bat avec les premiers int\u00e9ress\u00e9s, les habitants :<\/p>\n<p><!--more--><\/p>\n<ul>\n<li>Assurer une pr\u00e9sence renforc\u00e9e gr\u00e2ce \u00e0 des services publics ou de proximit\u00e9 : embauche de nombreux \u00e9ducateurs de rue par le Conseil g\u00e9n\u00e9ral avec l\u2019aide de la ville, renforcement des effectifs dans les associations ou les services qui sont en contact direct avec les habitants afin d\u2019assurer leur p\u00e9rennit\u00e9 et l\u2019ouverture sur de larges plages horaires des diff\u00e9rents services. Depuis de nombreuses ann\u00e9es, la baisse constante du nombre d&rsquo;\u00e9l\u00e8ves au coll\u00e8ge pose les questions de son avenir et d&rsquo;une ghetto\u00efsation rampante qui joue contre la mixit\u00e9 sociale.  Par ailleurs, il est urgent de travailler avec l&rsquo;Education nationale au soutien des projets d&rsquo;\u00e9coles pour offrir \u00e0 tous les enfants de r\u00e9elles perspectives de scolarit\u00e9 qui ne se limitent pas au quartier. Mettre fin aux effets d&rsquo;annonce et assurer concr\u00e8tement un  accompagnement des jeunes adultes (d\u00e9scolaris\u00e9s, laiss\u00e9s pour compte&#8230;) d\u00e9bouchant sur de v\u00e9ritables emplois. Aider les bailleurs pour mettre en place des gardiens d&rsquo;immeubles. Assurer la pr\u00e9sence constante d\u2019une police de proximit\u00e9 par l\u2019installation d\u2019un commissariat de quartier \u2026 Tout ceci exigerait une volont\u00e9 de tous les instants du maire et des \u00e9lus en responsabilit\u00e9 pour construire avec les autres collectivit\u00e9s publiques et administrations un vrai plan d\u2019action avec des financements p\u00e9rennes. Les \u00e9cologistes avaient propos\u00e9 d\u2019augmenter les d\u00e9penses de personnel de 1 M\u20ac dans le budget 2011 de la ville pour commencer cette politique, tout en diminuant les taux des imp\u00f4ts qui sont trop \u00e9lev\u00e9s. Cela a \u00e9t\u00e9 malheureusement refus\u00e9. Or, il est possible de transformer, lors des d\u00e9parts \u00e0 la retraite, des postes  municipaux pour assurer ces t\u00e2ches de proximit\u00e9. Les priorit\u00e9s financi\u00e8res de la majorit\u00e9 municipale ne sont pas les plus pertinentes. Les grands projets pharaoniques plaisent aux princes qui peuvent les inaugurer, mais ils co\u00fbtent tr\u00e8s cher et emp\u00eachent la mise en place de politiques visant \u00e0 l\u2019am\u00e9lioration de la vie quotidienne dans toute la ville. Actuellement la ville d\u00e9pense trop en investissements inadapt\u00e9s et pas assez en fonctionnement pour am\u00e9liorer la vie quotidienne des grenoblois.<\/li>\n<li>Pour l\u2019am\u00e9lioration du b\u00e2ti, il faut diminuer la longueur des coursives et multiplier les ascenseurs, ce qui pourrait obliger \u00e0 des d\u00e9molitions partielles d\u2019appartements mais avec la contrepartie \u00e9vidente d\u2019am\u00e9liorer la vie quotidienne. Une \u00e9tude sp\u00e9cifique sur le devenir des rez-de-chauss\u00e9e pourrait \u00eatre entreprise, il y a l\u00e0 des volumes tr\u00e8s importants qui pourraient \u00eatre utilis\u00e9s pour des logements, des salles de r\u00e9unions, des commerces, des salles de sport, des ateliers\u2026 et pourraient am\u00e9liorer la s\u00e9curisation des entr\u00e9es d\u2019immeubles.<\/li>\n<li>Am\u00e9liorer la mixit\u00e9 sociale, cela peut passer par l\u2019achat par la ville d\u2019appartements qui se lib\u00e8rent et qui, par exemple pourraient \u00eatre  transform\u00e9s en cit\u00e9 \u00e9tudiante, g\u00e9r\u00e9e par le CROUS comme la Tour de Paul Cocat \u00e0 Teisseire. On \u00e9viterait ainsi de laisser se d\u00e9velopper les affaires de certains marchands de sommeil ou d&rsquo;acheteurs peu scrupuleux. Pour rendre ce quartier attractif, il faudrait aussi proposer des parkings en nombre suffisant afin d\u2019\u00e9viter les d\u00e9gradations des v\u00e9hicules. La politique de d\u00e9molition de certains silos et la diminution de l\u2019offre de parkings ferm\u00e9s va dans le mauvais sens.<\/li>\n<li>Cr\u00e9ation de commerces, revitalisation du march\u00e9 au m\u00eame endroit, aide \u00e0 l\u2019implantation d\u2019artisans et de services aux habitants\u2026<\/li>\n<li>Une politique culturelle, socio-culturelle et sportive audacieuse et imaginative par l\u2019installation de troupes en r\u00e9sidence, th\u00e9\u00e2tre, danse, musique et autres formes artistiques ou sportives.<\/li>\n<\/ul>\n<p>Les \u00e9lus \u00e9cologistes comme de nombreux habitants ont \u00e9t\u00e9 d\u00e9\u00e7us par les propositions de la majorit\u00e9 municipale qui ne sont pas \u00e0 la hauteur des enjeux. C&rsquo;est la raison pour laquelle ils ont tir\u00e9 le signal d&rsquo;alarme en ne votant pas la totalit\u00e9 de la d\u00e9lib\u00e9ration soumise au conseil municipal du 18 avril dernier. Il est permis de douter que 250\u00a0000 \u20ac suppl\u00e9mentaires annonc\u00e9s auront un impact suffisant. Les \u00e9cologistes voteront l\u2019augmentation des moyens municipaux lorsque les d\u00e9lib\u00e9rations sp\u00e9cifiques seront propos\u00e9es et feront des contrepropositions lorsque ce sera n\u00e9cessaire.<\/p>\n","protected":false},"excerpt":{"rendered":"<p>Au conseil municipal du 18 avril, la majorit\u00e9 a adopt\u00e9 une d\u00e9lib\u00e9ration \u00ab\u00a0fourre-tout\u00a0\u00bb sur la Villeneuve. Le groupe des \u00e9lus \u00e9cologistes a vot\u00e9 en partie contre cette d\u00e9lib\u00e9ration car elle ne pr\u00e9sente pas les bonnes solutions. Voici des propositions des \u00e9cologistes sur ce dossier\u00a0: Rien ne se fera d\u2019efficace sans l\u2019adh\u00e9sion de la majorit\u00e9 des [&hellip;]<\/p>\n","protected":false},"author":1,"featured_media":0,"comment_status":"closed","ping_status":"open","sticky":false,"template":"","format":"standard","meta":{"twitterCardType":"","cardImageID":0,"cardImage":"","cardTitle":"","cardDesc":"","cardImageAlt":"","cardPlayer":"","cardPlayerWidth":0,"cardPlayerHeight":0,"cardPlayerStream":"","cardPlayerCodec":"","footnotes":""},"categories":[1],"tags":[65,82],"class_list":["post-3884","post","type-post","status-publish","format-standard","hentry","category-actus","tag-urbanisme","tag-villeneuve"],"_links":{"self":[{"href":"https:\/\/www.ades-grenoble.org\/wordpress\/wp-json\/wp\/v2\/posts\/3884","targetHints":{"allow":["GET"]}}],"collection":[{"href":"https:\/\/www.ades-grenoble.org\/wordpress\/wp-json\/wp\/v2\/posts"}],"about":[{"href":"https:\/\/www.ades-grenoble.org\/wordpress\/wp-json\/wp\/v2\/types\/post"}],"author":[{"embeddable":true,"href":"https:\/\/www.ades-grenoble.org\/wordpress\/wp-json\/wp\/v2\/users\/1"}],"replies":[{"embeddable":true,"href":"https:\/\/www.ades-grenoble.org\/wordpress\/wp-json\/wp\/v2\/comments?post=3884"}],"version-history":[{"count":4,"href":"https:\/\/www.ades-grenoble.org\/wordpress\/wp-json\/wp\/v2\/posts\/3884\/revisions"}],"predecessor-version":[{"id":3888,"href":"https:\/\/www.ades-grenoble.org\/wordpress\/wp-json\/wp\/v2\/posts\/3884\/revisions\/3888"}],"wp:attachment":[{"href":"https:\/\/www.ades-grenoble.org\/wordpress\/wp-json\/wp\/v2\/media?parent=3884"}],"wp:term":[{"taxonomy":"category","embeddable":true,"href":"https:\/\/www.ades-grenoble.org\/wordpress\/wp-json\/wp\/v2\/categories?post=3884"},{"taxonomy":"post_tag","embeddable":true,"href":"https:\/\/www.ades-grenoble.org\/wordpress\/wp-json\/wp\/v2\/tags?post=3884"}],"curies":[{"name":"wp","href":"https:\/\/api.w.org\/{rel}","templated":true}]}}