{"id":3889,"date":"2011-04-29T21:31:41","date_gmt":"2011-04-29T19:31:41","guid":{"rendered":"http:\/\/www.ades-grenoble.org\/wordpress\/?p=3889"},"modified":"2011-04-29T21:31:41","modified_gmt":"2011-04-29T19:31:41","slug":"l%e2%80%99avenir-de-la-metro-suite%e2%80%a6","status":"publish","type":"post","link":"https:\/\/www.ades-grenoble.org\/wordpress\/2011\/04\/29\/l%e2%80%99avenir-de-la-metro-suite%e2%80%a6\/","title":{"rendered":"L\u2019avenir de la M\u00e9tro, suite\u2026"},"content":{"rendered":"<p>Le pr\u00e9fet vient de pr\u00e9senter le projet de Sch\u00e9ma D\u00e9partemental de Coop\u00e9ration Intercommunale (SDCI). En juin, les conseils municipaux donneront leur avis. Cet \u00e9t\u00e9 la Commission D\u00e9partementale de Coop\u00e9ration Intercommunale (CDCI) examinera ce sch\u00e9ma et proposera d\u2019\u00e9ventuelles modifications et en d\u00e9cembre le Pr\u00e9fet arr\u00eatera d\u00e9finitivement le SDCI qui sera mis en place en janvier 2013.<\/p>\n<p>Pour ce qui concerne l\u2019agglom\u00e9ration grenobloise, le SDCI propose que la M\u00e9tro passe de 27 \u00e0 51 communes et de 404 196 \u00e0 444 700 habitants. A noter que les 24 communes suppl\u00e9mentaires repr\u00e9sentent une moyenne de moins de 1700 habitants, Vizille \u00e9tant la plus importante avec 7957 habitants. Mais le seuil des 450\u00a0000 habitants, n\u00e9cessaire pour passer en communaut\u00e9 urbaine, n\u2019est pas encore atteint.<\/p>\n<p>Les 24 communes qui rejoindront la M\u00e9tro sont\u00a0:<\/p>\n<ul>\n<li>Miribel-Lanch\u00e2tre, Chamrousse, Saint Martin d\u2019Uriage<\/li>\n<li>Les 5 communes des Balcons sud de la Chartreuse\u00a0autour du Sappey<\/li>\n<li>16 des 17 communes de la communaut\u00e9 de communes du Sud-Grenoblois, autour de Vizille, \u00e0 l\u2019exception de Laffrey<\/li>\n<\/ul>\n<p>A noter que la commune de Bresson, qui l&rsquo;avait quitt\u00e9e, sera oblig\u00e9e par la Loi de revenir dans la M\u00e9tro puisqu\u2019elle sera totalement encercl\u00e9e par d\u2019autres communes qui vont y entrer.<\/p>\n<p>Cette proposition n\u2019est pas satisfaisante car il reste de nombreuses communes dans l&rsquo;environnement imm\u00e9diat de la M\u00e9tro qui devraient l\u2019int\u00e9grer pour en faire un bassin de vie plus rationnel, notamment du cot\u00e9 du Voironnais avec Voreppe, ou du Gr\u00e9sivaudan avec Montbonnot Saint Ismier\u2026 Le Pr\u00e9fet a laiss\u00e9, pour l\u2019instant, ces communes faire leur choix.<\/p>\n<p>Si la situation restait en l\u2019\u00e9tat, le conseil de M\u00e9tro augmenterait de 48 conseillers suppl\u00e9mentaires repr\u00e9sentants les 24 nouvelles communes. Le conseil de la communaut\u00e9 d\u2019agglom\u00e9ration serait alors domin\u00e9 par les repr\u00e9sentants des petites communes, ce qui n\u2019est pas r\u00e9aliste.<\/p>\n<p>Cette extension de la M\u00e9tro n\u2019est viable que s\u2019il y a cr\u00e9ation d\u2019une communaut\u00e9 urbaine, il manque 5300 habitants ce qui ne devrait pas poser de gros probl\u00e8mes. Le conseil de communaut\u00e9 serait alors form\u00e9 de la fa\u00e7on suivante\u00a0:<\/p>\n<p><!--more--><\/p>\n<ul>\n<li>80 postes d\u00e9sign\u00e9s par les communes \u00e0 la proportionnelle de leur population (environ 1 \u00e9lu pour 5600 habitants), Grenoble obtenant \u00e0 peu pr\u00e8s le tiers des 80 postes. Et un poste pour les petites communes qui n\u2019auraient pas eu de d\u00e9l\u00e9gu\u00e9 parmi les 80.<\/li>\n<li>Pour les communes ayant plus d\u2019un conseiller communautaire, ceux-ci seront d\u00e9sign\u00e9s par le conseil municipal au scrutin de liste \u00e0 la plus forte moyenne. Les listes comprendront les premiers \u00e9lus de chaque liste ayant obtenu des \u00e9luEs lors des \u00e9lections municipales.<\/li>\n<\/ul>\n<p>Ces modalit\u00e9s de d\u00e9signations seront un progr\u00e8s par rapport \u00e0 ce qui existe mais laissent enti\u00e8re la question de la parit\u00e9, qui ne sera que tr\u00e8s imparfaitement assur\u00e9e par les grosses communes.<\/p>\n<p>Ce mode de d\u00e9signation n\u2019impliquera pas que les \u00e9lus communautaires le soient sur un programme politique d\u2019ensemble pour l\u2019agglom\u00e9ration, ce qui serait le cas si les d\u00e9l\u00e9gu\u00e9s \u00e9taient \u00e9lus au suffrage direct.<\/p>\n<p>Il faut donc souhaiter qu&rsquo;en gagnant les prochaines \u00e9lections l\u00e9gislatives en 2012, la gauche et les \u00e9cologistes d\u00e9cident enfin que les d\u00e9l\u00e9gu\u00e9s intercommunaux soient \u00e9lus au suffrage direct sur des listes intercommunales \u00e0 la proportionnelle et que les r\u00e9sidants \u00e9trangers (europ\u00e9ens et autres) puissent participer \u00e0 cette \u00e9lection ainsi qu\u2019aux \u00e9lections municipales en 2014. Un vrai progr\u00e8s d\u00e9mocratique sera alors fait.<\/p>\n","protected":false},"excerpt":{"rendered":"<p>Le pr\u00e9fet vient de pr\u00e9senter le projet de Sch\u00e9ma D\u00e9partemental de Coop\u00e9ration Intercommunale (SDCI). En juin, les conseils municipaux donneront leur avis. Cet \u00e9t\u00e9 la Commission D\u00e9partementale de Coop\u00e9ration Intercommunale (CDCI) examinera ce sch\u00e9ma et proposera d\u2019\u00e9ventuelles modifications et en d\u00e9cembre le Pr\u00e9fet arr\u00eatera d\u00e9finitivement le SDCI qui sera mis en place en janvier 2013. [&hellip;]<\/p>\n","protected":false},"author":1,"featured_media":0,"comment_status":"closed","ping_status":"open","sticky":false,"template":"","format":"standard","meta":{"twitterCardType":"","cardImageID":0,"cardImage":"","cardTitle":"","cardDesc":"","cardImageAlt":"","cardPlayer":"","cardPlayerWidth":0,"cardPlayerHeight":0,"cardPlayerStream":"","cardPlayerCodec":"","footnotes":""},"categories":[1],"tags":[32],"class_list":["post-3889","post","type-post","status-publish","format-standard","hentry","category-actus","tag-metro"],"_links":{"self":[{"href":"https:\/\/www.ades-grenoble.org\/wordpress\/wp-json\/wp\/v2\/posts\/3889","targetHints":{"allow":["GET"]}}],"collection":[{"href":"https:\/\/www.ades-grenoble.org\/wordpress\/wp-json\/wp\/v2\/posts"}],"about":[{"href":"https:\/\/www.ades-grenoble.org\/wordpress\/wp-json\/wp\/v2\/types\/post"}],"author":[{"embeddable":true,"href":"https:\/\/www.ades-grenoble.org\/wordpress\/wp-json\/wp\/v2\/users\/1"}],"replies":[{"embeddable":true,"href":"https:\/\/www.ades-grenoble.org\/wordpress\/wp-json\/wp\/v2\/comments?post=3889"}],"version-history":[{"count":5,"href":"https:\/\/www.ades-grenoble.org\/wordpress\/wp-json\/wp\/v2\/posts\/3889\/revisions"}],"predecessor-version":[{"id":3894,"href":"https:\/\/www.ades-grenoble.org\/wordpress\/wp-json\/wp\/v2\/posts\/3889\/revisions\/3894"}],"wp:attachment":[{"href":"https:\/\/www.ades-grenoble.org\/wordpress\/wp-json\/wp\/v2\/media?parent=3889"}],"wp:term":[{"taxonomy":"category","embeddable":true,"href":"https:\/\/www.ades-grenoble.org\/wordpress\/wp-json\/wp\/v2\/categories?post=3889"},{"taxonomy":"post_tag","embeddable":true,"href":"https:\/\/www.ades-grenoble.org\/wordpress\/wp-json\/wp\/v2\/tags?post=3889"}],"curies":[{"name":"wp","href":"https:\/\/api.w.org\/{rel}","templated":true}]}}