{"id":3898,"date":"2011-05-06T22:10:34","date_gmt":"2011-05-06T20:10:34","guid":{"rendered":"http:\/\/www.ades-grenoble.org\/wordpress\/?p=3898"},"modified":"2011-05-06T22:10:34","modified_gmt":"2011-05-06T20:10:34","slug":"cciag-le-1er-adjoint-ne-connait-pas-son-dossier%e2%80%a6","status":"publish","type":"post","link":"https:\/\/www.ades-grenoble.org\/wordpress\/2011\/05\/06\/cciag-le-1er-adjoint-ne-connait-pas-son-dossier%e2%80%a6\/","title":{"rendered":"CCIAG, le 1er adjoint ne connait pas son dossier\u2026"},"content":{"rendered":"<p>Le premier adjoint, J\u00e9r\u00f4me Safar, \u00e0 propos du m\u00e9contentement des usagers du chauffage urbain a d\u00e9clar\u00e9 (voir le Dauphin\u00e9 Lib\u00e9r\u00e9 du 20 avril 2011)\u00a0: \u00ab\u00a0<em>Il est difficile d\u2019expliquer aux usagers que sans la nouvelle tarification, les charges auraient \u00e9t\u00e9 encore plus lourdes\u2026<\/em> \u00bb<\/p>\n<p>Comme quoi les usagers n\u2019y comprennent rien, alors qu\u2019on leur a fait des tarifs tr\u00e8s avantageux depuis le 1er juillet 2008, ce sont vraiment des ingrats.<\/p>\n<p>Cette position est celle des \u00e9lus de la majorit\u00e9 municipale depuis le d\u00e9but de cette affaire. C\u2019est d\u2019ailleurs bizarre puisque dans la d\u00e9lib\u00e9ration du 23 juin 2008 autorisant le maire \u00e0 signer les avenants au contrat de concession et instaurant les nouveaux tarifs il est indiqu\u00e9 que l\u2019op\u00e9ration devait \u00eatre neutre pour les usagers. Ou bien c\u2019est neutre ou bien c\u2019est avantageux, il faudrait choisir\u00a0!<\/p>\n<p>La v\u00e9rit\u00e9 toute simple est que les nouveaux tarifs sont beaucoup plus d\u00e9favorables que les anciens. Il est  pourtant tr\u00e8s simple de le prouver. En reprenant le compte d\u2019exploitation de la Compagnie de chauffage &#8211; CCIAG pour la saison 2007\/2008, qui \u00e9tait la derni\u00e8re avec les anciens tarifs, il est facile de calculer ce qu\u2019auraient \u00e9t\u00e9 les recettes du service public avec les nouveaux tarifs, s\u2019ils avaient \u00e9t\u00e9 appliqu\u00e9s d\u00e8s le 1er juillet 2007. Voici les r\u00e9sultats sur la diff\u00e9rence entre produits et charges du service public\u00a0:<\/p>\n<p><!--more--><\/p>\n<ul>\n<li>marge avant imp\u00f4ts d\u00e9clar\u00e9e par la CCIAG\u00a0 avec les anciens tarifs\u00a0: 5,5 M\u20ac.<\/li>\n<li>marge avant imp\u00f4ts calcul\u00e9e avec les nouveaux tarifs\u00a0: 7,9 M\u20ac soit 2,4 M\u20ac de plus\u00a0!<\/li>\n<\/ul>\n<p>Les anciens tarifs \u00e9taient d\u00e9j\u00e0 trop \u00e9lev\u00e9s et les nouveaux beaucoup plus.<\/p>\n<p>Mais pourquoi le 1er adjoint, par ailleurs adjoint aux finances, raconte-t-il n&rsquo;importe quoi ? Pourtant il d\u00e9tient tous les \u00e9l\u00e9ments pour dire la v\u00e9rit\u00e9. Donc il ne connait pas son dossier\u00a0!<\/p>\n<p><strong>R\u00e9servez votre soir\u00e9e du 18 mai, l\u2019OFiPoPu (Observatoire des Finances et des Politiques Publiques) fait une formation sur les tarifs du service public du chauffage urbain <\/strong>(20 h 30 \u00e0 la Maison des Associations \u00e0 Grenoble). Ce sera une simulation de comment aurait d\u00fb \u00eatre fix\u00e9s les tarifs par des \u00e9lus qui auraient fait l\u2019effort de se mettre au courant du dossier, en partant de la r\u00e9alit\u00e9 de l\u2019exploitation de ce service public. Vous pourrez d\u00e9couvrir de mani\u00e8re simple et claire quelles sont les irr\u00e9gularit\u00e9s qui ont \u00e9t\u00e9 commises lors de la fixation des tarifs et pourquoi les usagers ont le droit et le devoir de se plaindre de ces tarifs.<\/p>\n","protected":false},"excerpt":{"rendered":"<p>Le premier adjoint, J\u00e9r\u00f4me Safar, \u00e0 propos du m\u00e9contentement des usagers du chauffage urbain a d\u00e9clar\u00e9 (voir le Dauphin\u00e9 Lib\u00e9r\u00e9 du 20 avril 2011)\u00a0: \u00ab\u00a0Il est difficile d\u2019expliquer aux usagers que sans la nouvelle tarification, les charges auraient \u00e9t\u00e9 encore plus lourdes\u2026 \u00bb Comme quoi les usagers n\u2019y comprennent rien, alors qu\u2019on leur a fait [&hellip;]<\/p>\n","protected":false},"author":1,"featured_media":0,"comment_status":"closed","ping_status":"open","sticky":false,"template":"","format":"standard","meta":{"twitterCardType":"","cardImageID":0,"cardImage":"","cardTitle":"","cardDesc":"","cardImageAlt":"","cardPlayer":"","cardPlayerWidth":0,"cardPlayerHeight":0,"cardPlayerStream":"","cardPlayerCodec":"","footnotes":""},"categories":[1],"tags":[27,55],"class_list":["post-3898","post","type-post","status-publish","format-standard","hentry","category-actus","tag-cie-de-chauffage","tag-tarifs-publics"],"_links":{"self":[{"href":"https:\/\/www.ades-grenoble.org\/wordpress\/wp-json\/wp\/v2\/posts\/3898","targetHints":{"allow":["GET"]}}],"collection":[{"href":"https:\/\/www.ades-grenoble.org\/wordpress\/wp-json\/wp\/v2\/posts"}],"about":[{"href":"https:\/\/www.ades-grenoble.org\/wordpress\/wp-json\/wp\/v2\/types\/post"}],"author":[{"embeddable":true,"href":"https:\/\/www.ades-grenoble.org\/wordpress\/wp-json\/wp\/v2\/users\/1"}],"replies":[{"embeddable":true,"href":"https:\/\/www.ades-grenoble.org\/wordpress\/wp-json\/wp\/v2\/comments?post=3898"}],"version-history":[{"count":3,"href":"https:\/\/www.ades-grenoble.org\/wordpress\/wp-json\/wp\/v2\/posts\/3898\/revisions"}],"predecessor-version":[{"id":3901,"href":"https:\/\/www.ades-grenoble.org\/wordpress\/wp-json\/wp\/v2\/posts\/3898\/revisions\/3901"}],"wp:attachment":[{"href":"https:\/\/www.ades-grenoble.org\/wordpress\/wp-json\/wp\/v2\/media?parent=3898"}],"wp:term":[{"taxonomy":"category","embeddable":true,"href":"https:\/\/www.ades-grenoble.org\/wordpress\/wp-json\/wp\/v2\/categories?post=3898"},{"taxonomy":"post_tag","embeddable":true,"href":"https:\/\/www.ades-grenoble.org\/wordpress\/wp-json\/wp\/v2\/tags?post=3898"}],"curies":[{"name":"wp","href":"https:\/\/api.w.org\/{rel}","templated":true}]}}