{"id":391,"date":"2009-03-10T23:40:03","date_gmt":"2009-03-10T21:40:03","guid":{"rendered":"http:\/\/www.ades-grenoble.org\/wordpress\/?p=391"},"modified":"2010-04-05T17:53:41","modified_gmt":"2010-04-05T15:53:41","slug":"un-an-apres-les-municipales-invitation-au-debat","status":"publish","type":"post","link":"https:\/\/www.ades-grenoble.org\/wordpress\/2009\/03\/10\/un-an-apres-les-municipales-invitation-au-debat\/","title":{"rendered":"Un an apr\u00e8s les municipales &#8211; invitation au d\u00e9bat"},"content":{"rendered":"<p>Il y a un an, Michel Destot emportait, avec seulement 48 % des voix, les \u00e9lections municipales \u00e0 Grenoble <a href=\"http:\/\/www.ades-grenoble.org\/wordpress\/?p=104\" target=\"_self\">\u00e0 la t\u00eate d&rsquo;une liste tr\u00e8s ouverte \u00e0 droite<\/a>, compos\u00e9e notamment de militants de la droite grenobloise qui avaient combattu la politique men\u00e9e par l&rsquo;ancienne majorit\u00e9 de gauche et \u00e9cologiste, et qui pour certains avaient accompagn\u00e9 le corrompu durant les ann\u00e9es 1983 \u00e0 1995.<\/p>\n<p>Les \u00e9cologistes grenoblois ainsi que de nombreux militants de gauche se sont alors fermement oppos\u00e9s \u00e0 cette op\u00e9ration de confusion politique et la liste \u00ab\u00a0Ecologie et Solidarit\u00e9 en actes\u00a0\u00bb a obtenu 22,5 % des votes au second tour de l&rsquo;\u00e9lection.<\/p>\n<p>Un an apr\u00e8s, il est important d&rsquo;analyser la nouvelle situation ainsi cr\u00e9\u00e9e et ses cons\u00e9quences concr\u00e8tes sur la vie quotidienne des habitants.<\/p>\n<p>La crise politique, sociale, financi\u00e8re et \u00e9cologique impose, \u00e0 notre sens, une r\u00e9vision profonde des politiques publiques et sp\u00e9cifiquement des politiques publiques locales.<\/p>\n<p>En effet, certaines d\u00e9cisions s&rsquo;annoncent tr\u00e8s n\u00e9fastes pour l&rsquo;avenir de notre ville et de l&rsquo;agglom\u00e9ration\u00a0; en t\u00e9moignent la volont\u00e9 d&rsquo;organiser les JO de 2018, la r\u00e9alisation de la rocade nord, le projet GIANT d&rsquo;am\u00e9nagement du polygone scientifique, l&rsquo;orientation \u00e9conomique tr\u00e8s lib\u00e9rale et la violente augmentation des imp\u00f4ts locaux &#8230;\u00a0 A l&rsquo;inverse,\u00a0 il n&rsquo;y a plus de priorit\u00e9s pour la solidarit\u00e9 au quotidien \u00e0 part une aide renforc\u00e9e au CCAS.<\/p>\n<p>C&rsquo;est pourquoi l&rsquo;ADES a propos\u00e9 d&rsquo;organiser un d\u00e9bat public avec les organisations politiques de gauche et \u00e9cologistes et les habitants qui s&rsquo;opposent \u00e0 cette d\u00e9rive pour partager une analyse de la nouvelle situation et d\u00e9finir des actions communes \u00e0 l&rsquo;avenir. Participeront \u00e0 ce d\u00e9bat : les Verts de Grenoble, les Alternatifs, le Nouveau Parti Anticapitaliste, le Parti de Gauche, D\u00e9mocratie Citoyenne&#8230;<\/p>\n<p style=\"text-align: center;\"><strong>Mardi 17 mars 2009 \u00e0 20 h 15 pr\u00e9cises<br \/>\n\u00e0 la salle de conf\u00e9rences de la Maison des Associations<br \/>\n6 rue Berthe de Boissieux \u00e0 Grenoble<\/strong><\/p>\n","protected":false},"excerpt":{"rendered":"<p>Il y a un an, Michel Destot emportait, avec seulement 48 % des voix, les \u00e9lections municipales \u00e0 Grenoble \u00e0 la t\u00eate d&rsquo;une liste tr\u00e8s ouverte \u00e0 droite, compos\u00e9e notamment de militants de la droite grenobloise qui avaient combattu la politique men\u00e9e par l&rsquo;ancienne majorit\u00e9 de gauche et \u00e9cologiste, et qui pour certains avaient accompagn\u00e9 [&hellip;]<\/p>\n","protected":false},"author":1,"featured_media":0,"comment_status":"open","ping_status":"open","sticky":false,"template":"","format":"standard","meta":{"twitterCardType":"","cardImageID":0,"cardImage":"","cardTitle":"","cardDesc":"","cardImageAlt":"","cardPlayer":"","cardPlayerWidth":0,"cardPlayerHeight":0,"cardPlayerStream":"","cardPlayerCodec":"","footnotes":""},"categories":[11],"tags":[60],"class_list":["post-391","post","type-post","status-publish","format-standard","hentry","category-politique-locale","tag-bilan-de-mandat"],"_links":{"self":[{"href":"https:\/\/www.ades-grenoble.org\/wordpress\/wp-json\/wp\/v2\/posts\/391","targetHints":{"allow":["GET"]}}],"collection":[{"href":"https:\/\/www.ades-grenoble.org\/wordpress\/wp-json\/wp\/v2\/posts"}],"about":[{"href":"https:\/\/www.ades-grenoble.org\/wordpress\/wp-json\/wp\/v2\/types\/post"}],"author":[{"embeddable":true,"href":"https:\/\/www.ades-grenoble.org\/wordpress\/wp-json\/wp\/v2\/users\/1"}],"replies":[{"embeddable":true,"href":"https:\/\/www.ades-grenoble.org\/wordpress\/wp-json\/wp\/v2\/comments?post=391"}],"version-history":[{"count":7,"href":"https:\/\/www.ades-grenoble.org\/wordpress\/wp-json\/wp\/v2\/posts\/391\/revisions"}],"predecessor-version":[{"id":1398,"href":"https:\/\/www.ades-grenoble.org\/wordpress\/wp-json\/wp\/v2\/posts\/391\/revisions\/1398"}],"wp:attachment":[{"href":"https:\/\/www.ades-grenoble.org\/wordpress\/wp-json\/wp\/v2\/media?parent=391"}],"wp:term":[{"taxonomy":"category","embeddable":true,"href":"https:\/\/www.ades-grenoble.org\/wordpress\/wp-json\/wp\/v2\/categories?post=391"},{"taxonomy":"post_tag","embeddable":true,"href":"https:\/\/www.ades-grenoble.org\/wordpress\/wp-json\/wp\/v2\/tags?post=391"}],"curies":[{"name":"wp","href":"https:\/\/api.w.org\/{rel}","templated":true}]}}