{"id":3997,"date":"2011-05-20T21:38:13","date_gmt":"2011-05-20T19:38:13","guid":{"rendered":"http:\/\/www.ades-grenoble.org\/wordpress\/?p=3997"},"modified":"2011-05-20T21:38:13","modified_gmt":"2011-05-20T19:38:13","slug":"le-seuil-de-20-de-logements-sociaux-a-geometrie-variable","status":"publish","type":"post","link":"https:\/\/www.ades-grenoble.org\/wordpress\/2011\/05\/20\/le-seuil-de-20-de-logements-sociaux-a-geometrie-variable\/","title":{"rendered":"Le seuil de 20 % de logements sociaux \u00e0 g\u00e9om\u00e9trie variable"},"content":{"rendered":"<p>Gr\u00e2ce \u00e0 l\u2019effort soutenu de l\u2019ancienne majorit\u00e9 en faveur du logement social, \u00e0 la poursuite de l\u2019action jusqu\u2019\u00e0 maintenant dans le m\u00eame sens,  le seuil fatidique des 20 % a \u00e9t\u00e9 atteint \u00e0 Grenoble. Mais il est \u00e0 craindre que ce ne soit qu\u2019un feu de paille car avec le programme de destruction mis en \u0153uvre (Mistral, Villeneuve) la ville va se retrouver bient\u00f4t de nouveau sous le seuil des 20 %\u00a0!<\/p>\n","protected":false},"excerpt":{"rendered":"<p>Gr\u00e2ce \u00e0 l\u2019effort soutenu de l\u2019ancienne majorit\u00e9 en faveur du logement social, \u00e0 la poursuite de l\u2019action jusqu\u2019\u00e0 maintenant dans le m\u00eame sens, le seuil fatidique des 20 % a \u00e9t\u00e9 atteint \u00e0 Grenoble. Mais il est \u00e0 craindre que ce ne soit qu\u2019un feu de paille car avec le programme de destruction mis en [&hellip;]<\/p>\n","protected":false},"author":1,"featured_media":0,"comment_status":"closed","ping_status":"open","sticky":false,"template":"","format":"standard","meta":{"twitterCardType":"","cardImageID":0,"cardImage":"","cardTitle":"","cardDesc":"","cardImageAlt":"","cardPlayer":"","cardPlayerWidth":0,"cardPlayerHeight":0,"cardPlayerStream":"","cardPlayerCodec":"","footnotes":""},"categories":[1],"tags":[66],"class_list":["post-3997","post","type-post","status-publish","format-standard","hentry","category-actus","tag-logement"],"_links":{"self":[{"href":"https:\/\/www.ades-grenoble.org\/wordpress\/wp-json\/wp\/v2\/posts\/3997","targetHints":{"allow":["GET"]}}],"collection":[{"href":"https:\/\/www.ades-grenoble.org\/wordpress\/wp-json\/wp\/v2\/posts"}],"about":[{"href":"https:\/\/www.ades-grenoble.org\/wordpress\/wp-json\/wp\/v2\/types\/post"}],"author":[{"embeddable":true,"href":"https:\/\/www.ades-grenoble.org\/wordpress\/wp-json\/wp\/v2\/users\/1"}],"replies":[{"embeddable":true,"href":"https:\/\/www.ades-grenoble.org\/wordpress\/wp-json\/wp\/v2\/comments?post=3997"}],"version-history":[{"count":2,"href":"https:\/\/www.ades-grenoble.org\/wordpress\/wp-json\/wp\/v2\/posts\/3997\/revisions"}],"predecessor-version":[{"id":3999,"href":"https:\/\/www.ades-grenoble.org\/wordpress\/wp-json\/wp\/v2\/posts\/3997\/revisions\/3999"}],"wp:attachment":[{"href":"https:\/\/www.ades-grenoble.org\/wordpress\/wp-json\/wp\/v2\/media?parent=3997"}],"wp:term":[{"taxonomy":"category","embeddable":true,"href":"https:\/\/www.ades-grenoble.org\/wordpress\/wp-json\/wp\/v2\/categories?post=3997"},{"taxonomy":"post_tag","embeddable":true,"href":"https:\/\/www.ades-grenoble.org\/wordpress\/wp-json\/wp\/v2\/tags?post=3997"}],"curies":[{"name":"wp","href":"https:\/\/api.w.org\/{rel}","templated":true}]}}