{"id":4031,"date":"2011-05-28T17:08:51","date_gmt":"2011-05-28T15:08:51","guid":{"rendered":"http:\/\/www.ades-grenoble.org\/wordpress\/?p=4031"},"modified":"2011-05-28T17:08:51","modified_gmt":"2011-05-28T15:08:51","slug":"m-destot-essaye-de-faire-voter-le-projet-%c2%ab-ecocite-%c2%bb-sans-debat","status":"publish","type":"post","link":"https:\/\/www.ades-grenoble.org\/wordpress\/2011\/05\/28\/m-destot-essaye-de-faire-voter-le-projet-%c2%ab-ecocite-%c2%bb-sans-debat\/","title":{"rendered":"M. Destot essaye de faire voter le projet \u00ab Ecocit\u00e9 \u00bb sans d\u00e9bat !"},"content":{"rendered":"<p>Le 23 mai 2011, au Conseil municipal de Grenoble, le maire rapporte sur une d\u00e9lib\u00e9ration tr\u00e8s importante, la d\u00e9lib\u00e9ration n\u00b0 7 sur le projet \u00ab\u00a0Ecocit\u00e9\u00a0\u00bb. Il propose de passer au vote sans d\u00e9bat expliquant que la d\u00e9lib\u00e9ration a \u00e9t\u00e9 vue en commissions\u00a0(comme toutes les autres comme il se doit). Protestation des \u00e9lus \u00e9cologistes qui tiennent \u00e0 intervenir sur cette modeste d\u00e9lib\u00e9ration qui engage la Ville et la M\u00e9tro pour seulement 263 M\u20ac ! Avec le risque d\u2019amplifier une ville \u00e0 2 vitesses puisque tous les investissements seront mis sur la polarit\u00e9 nord-ouest, donc pour Grenoble, les quartiers Presqu\u2019\u00eele et Esplanade. Rat\u00e9, le maire a \u00e9t\u00e9 oblig\u00e9 de laisser le d\u00e9bat s\u2019ouvrir.<\/p>\n","protected":false},"excerpt":{"rendered":"<p>Le 23 mai 2011, au Conseil municipal de Grenoble, le maire rapporte sur une d\u00e9lib\u00e9ration tr\u00e8s importante, la d\u00e9lib\u00e9ration n\u00b0 7 sur le projet \u00ab\u00a0Ecocit\u00e9\u00a0\u00bb. Il propose de passer au vote sans d\u00e9bat expliquant que la d\u00e9lib\u00e9ration a \u00e9t\u00e9 vue en commissions\u00a0(comme toutes les autres comme il se doit). Protestation des \u00e9lus \u00e9cologistes qui tiennent [&hellip;]<\/p>\n","protected":false},"author":1,"featured_media":0,"comment_status":"closed","ping_status":"open","sticky":false,"template":"","format":"standard","meta":{"twitterCardType":"","cardImageID":0,"cardImage":"","cardTitle":"","cardDesc":"","cardImageAlt":"","cardPlayer":"","cardPlayerWidth":0,"cardPlayerHeight":0,"cardPlayerStream":"","cardPlayerCodec":"","footnotes":""},"categories":[1],"tags":[35],"class_list":["post-4031","post","type-post","status-publish","format-standard","hentry","category-actus","tag-democratie-locale"],"_links":{"self":[{"href":"https:\/\/www.ades-grenoble.org\/wordpress\/wp-json\/wp\/v2\/posts\/4031","targetHints":{"allow":["GET"]}}],"collection":[{"href":"https:\/\/www.ades-grenoble.org\/wordpress\/wp-json\/wp\/v2\/posts"}],"about":[{"href":"https:\/\/www.ades-grenoble.org\/wordpress\/wp-json\/wp\/v2\/types\/post"}],"author":[{"embeddable":true,"href":"https:\/\/www.ades-grenoble.org\/wordpress\/wp-json\/wp\/v2\/users\/1"}],"replies":[{"embeddable":true,"href":"https:\/\/www.ades-grenoble.org\/wordpress\/wp-json\/wp\/v2\/comments?post=4031"}],"version-history":[{"count":2,"href":"https:\/\/www.ades-grenoble.org\/wordpress\/wp-json\/wp\/v2\/posts\/4031\/revisions"}],"predecessor-version":[{"id":4033,"href":"https:\/\/www.ades-grenoble.org\/wordpress\/wp-json\/wp\/v2\/posts\/4031\/revisions\/4033"}],"wp:attachment":[{"href":"https:\/\/www.ades-grenoble.org\/wordpress\/wp-json\/wp\/v2\/media?parent=4031"}],"wp:term":[{"taxonomy":"category","embeddable":true,"href":"https:\/\/www.ades-grenoble.org\/wordpress\/wp-json\/wp\/v2\/categories?post=4031"},{"taxonomy":"post_tag","embeddable":true,"href":"https:\/\/www.ades-grenoble.org\/wordpress\/wp-json\/wp\/v2\/tags?post=4031"}],"curies":[{"name":"wp","href":"https:\/\/api.w.org\/{rel}","templated":true}]}}