{"id":4047,"date":"2011-05-28T17:45:25","date_gmt":"2011-05-28T15:45:25","guid":{"rendered":"http:\/\/www.ades-grenoble.org\/wordpress\/?p=4047"},"modified":"2011-05-28T17:45:25","modified_gmt":"2011-05-28T15:45:25","slug":"l%e2%80%99adjoint-aux-finances-bientot-remplace-limoge","status":"publish","type":"post","link":"https:\/\/www.ades-grenoble.org\/wordpress\/2011\/05\/28\/l%e2%80%99adjoint-aux-finances-bientot-remplace-limoge\/","title":{"rendered":"L\u2019adjoint aux finances bient\u00f4t remplac\u00e9 (limog\u00e9 ?)"},"content":{"rendered":"<p>Le maire a annonc\u00e9 qu\u2019il confiait la d\u00e9l\u00e9gation \u00e0 la politique de la ville au 1er adjoint J. Safar, suite \u00e0 la demande de J-Ph. Motte d\u2019\u00eatre d\u00e9charg\u00e9 de cette d\u00e9l\u00e9gation. Le maire a pr\u00e9cis\u00e9 qu\u2019il attribuerait prochainement la d\u00e9l\u00e9gation des finances \u00e0 un autre adjoint.<\/p>\n<p>Ce changement pourrait \u00eatre interpr\u00e9t\u00e9 par des mauvaises langues comme un d\u00e9saveu du travail de l\u2019adjoint aux finances, nous n\u2019irons pas jusque l\u00e0, bien qu\u2019il y ait \u00e0 dire sur son manque de rigueur en ce qui concerne la m\u00e9canique budg\u00e9taire de la commune. Nous avons pu assister lors du dernier conseil municipal (23 mai 2011) \u00e0 une s\u00e9rie d\u2019affirmations \u00e9tonnantes de sa part en ce qui concerne des d\u00e9penses d\u2019investissement du budget principal durant l\u2019ann\u00e9e 2010.<\/p>\n<p><a href=\"http:\/\/grenoble-ecologie-solidarite.fr\/grenoble2008\/\" target=\"_blank\">Le groupe \u00ab\u00a0\u00e9cologie et solidarit\u00e9\u00a0\u00bb<\/a> a critiqu\u00e9 la faible d\u00e9pense en investissement, 10M\u20ac de moins que pr\u00e9vu au budget primitif 2010, contrairement aux engagements de la majorit\u00e9 municipale. Malgr\u00e9 cette diminution de 10 M\u20ac l\u2019augmentation du taux des imp\u00f4ts d\u00e9cid\u00e9e en 2009 a \u00e9t\u00e9 maintenue sans aucune justification. Inversement les imp\u00f4ts locaux auraient pu \u00eatre fortement r\u00e9duits dans le budget 2010, comme l\u2019avaient propos\u00e9 les \u00e9lus \u00e9cologistes.<\/p>\n<p>Pour essayer de masquer cette r\u00e9alit\u00e9 implacable, l\u2019adjoint s\u2019est livr\u00e9 \u00e0 un num\u00e9ro d\u2019\u00e9quilibriste assez curieux, ajoutant aux d\u00e9penses r\u00e9elles de l\u2019ann\u00e9e 2010, les reports sur 2011 des d\u00e9penses engag\u00e9es en 2010, mais non pay\u00e9es.<\/p>\n<p><!--more-->Les r\u00e8gles budg\u00e9taires qui s\u2019appliquent \u00e0 la comptabilit\u00e9 des communes, pr\u00e9cisent \u00e0 ce sujet que pour la section d\u2019investissement les cr\u00e9dits engag\u00e9s non mandat\u00e9s \u00e0 la fin de l\u2019exercice constituent des restes \u00e0 r\u00e9aliser et sont repris dans l\u2019exercice suivant.<\/p>\n<p>Aussi, chaque ann\u00e9e, ces reports viennent augmenter les d\u00e9penses de l\u2019exercice budg\u00e9taire suivant.<\/p>\n<p>Les d\u00e9penses r\u00e9elles de chaque exercice comprennent les reports de l\u2019ann\u00e9e pr\u00e9c\u00e9dente et les d\u00e9penses r\u00e9ellement pay\u00e9es de l\u2019ann\u00e9e en cours. Il est donc tout \u00e0 fait contraire \u00e0 l\u2019esprit et \u00e0 la lettre des r\u00e8gles comptables d\u2019ajouter les reports de l\u2019ann\u00e9e suivante sur l\u2019ann\u00e9e en cours. Rappelons que la comptabilit\u00e9 de la commune est annuelle, elle ne peut pas \u00eatre biannuelle\u00a0! D\u2019ailleurs les services financiers de la Ville, qui sont comp\u00e9tents, n\u2019ont pas fait cette fantaisie dans le document de pr\u00e9sentation distribu\u00e9 aux \u00e9lus. Par contre l\u2019adjoint a fait projeter une diapositive o\u00f9 il a fait rajouter pour chaque exercice budg\u00e9taire les reports de l\u2019exercice suivant, gonflant ainsi artificiellement les investissements annuels.<\/p>\n<p>Ci-dessous un graphique indiquant les d\u00e9penses r\u00e9elles en investissement  depuis 2002, ainsi que les reports estim\u00e9s en fin d\u2019ann\u00e9e. Pour \u00eatre plus rigoureux dans la comparaison, les donn\u00e9es sont indiqu\u00e9es en euros constants, avec comme indexation la valeur de l\u2019actualisation nationale des bases des valeurs locatives fix\u00e9es dans les lois de finance.<\/p>\n<p style=\"text-align: center;\"><strong>D\u00e9penses d\u2019investissement et reports du budget principal en millions d\u2019euros<\/strong><\/p>\n<p style=\"text-align: center;\"><img loading=\"lazy\" decoding=\"async\" class=\"aligncenter size-full wp-image-4051\" title=\"2010-ca-ville-grenoble_investissement\" src=\"http:\/\/www.ades-grenoble.org\/wordpress\/wp-content\/uploads\/2011\/05\/2010-ca-ville-grenoble_investissement.jpg\" alt=\"2010-ca-ville-grenoble_investissement\" width=\"664\" height=\"309\" srcset=\"https:\/\/www.ades-grenoble.org\/wordpress\/wp-content\/uploads\/2011\/05\/2010-ca-ville-grenoble_investissement.jpg 948w, https:\/\/www.ades-grenoble.org\/wordpress\/wp-content\/uploads\/2011\/05\/2010-ca-ville-grenoble_investissement-150x69.jpg 150w, https:\/\/www.ades-grenoble.org\/wordpress\/wp-content\/uploads\/2011\/05\/2010-ca-ville-grenoble_investissement-300x139.jpg 300w\" sizes=\"auto, (max-width: 664px) 100vw, 664px\" \/><\/p>\n<p>Pour retrouver une d\u00e9pense aussi faible en investissement il faut revenir \u00e0 l\u2019ann\u00e9e 2002.<\/p>\n<p>Les reports sont tout \u00e0 fait dans la moyenne des ann\u00e9es pr\u00e9c\u00e9dentes, et contrairement \u00e0 ce qu\u2019a indiqu\u00e9 l\u2019adjoint aux finances les reports des ann\u00e9es pr\u00e9c\u00e9dentes n\u2019\u00e9taient pas situ\u00e9s entre 8 et 10 M\u20ac, mais toujours sup\u00e9rieur \u00e0 10 M\u20ac.<\/p>\n<p>Conclusion\u00a0: L\u2019ann\u00e9e 2010 a donc vu une baisse importante des investissements. Voil\u00e0 pourquoi en 2009 comme en 2010, l\u2019augmentation des taux des imp\u00f4ts pour r\u00e9aliser ce que pr\u00e9voyait la majorit\u00e9 \u00e9tait inutile. Les \u00e9cologistes l\u2019avaient d\u00e9montr\u00e9 lors des d\u00e9bats sur les budgets pr\u00e9visionnels, les r\u00e9alisations d\u00e9crites dans les comptes administratifs sont venus le confirmer. Pour ces deux ann\u00e9es, les Grenoblois, notamment ceux en difficult\u00e9 financi\u00e8re, auraient pu ne pas subir cette dure sanction.<\/p>\n","protected":false},"excerpt":{"rendered":"<p>Le maire a annonc\u00e9 qu\u2019il confiait la d\u00e9l\u00e9gation \u00e0 la politique de la ville au 1er adjoint J. Safar, suite \u00e0 la demande de J-Ph. Motte d\u2019\u00eatre d\u00e9charg\u00e9 de cette d\u00e9l\u00e9gation. Le maire a pr\u00e9cis\u00e9 qu\u2019il attribuerait prochainement la d\u00e9l\u00e9gation des finances \u00e0 un autre adjoint. Ce changement pourrait \u00eatre interpr\u00e9t\u00e9 par des mauvaises langues [&hellip;]<\/p>\n","protected":false},"author":1,"featured_media":0,"comment_status":"closed","ping_status":"open","sticky":false,"template":"","format":"standard","meta":{"twitterCardType":"","cardImageID":0,"cardImage":"","cardTitle":"","cardDesc":"","cardImageAlt":"","cardPlayer":"","cardPlayerWidth":0,"cardPlayerHeight":0,"cardPlayerStream":"","cardPlayerCodec":"","footnotes":""},"categories":[1],"tags":[47,19],"class_list":["post-4047","post","type-post","status-publish","format-standard","hentry","category-actus","tag-budget-alternatif","tag-impots"],"_links":{"self":[{"href":"https:\/\/www.ades-grenoble.org\/wordpress\/wp-json\/wp\/v2\/posts\/4047","targetHints":{"allow":["GET"]}}],"collection":[{"href":"https:\/\/www.ades-grenoble.org\/wordpress\/wp-json\/wp\/v2\/posts"}],"about":[{"href":"https:\/\/www.ades-grenoble.org\/wordpress\/wp-json\/wp\/v2\/types\/post"}],"author":[{"embeddable":true,"href":"https:\/\/www.ades-grenoble.org\/wordpress\/wp-json\/wp\/v2\/users\/1"}],"replies":[{"embeddable":true,"href":"https:\/\/www.ades-grenoble.org\/wordpress\/wp-json\/wp\/v2\/comments?post=4047"}],"version-history":[{"count":4,"href":"https:\/\/www.ades-grenoble.org\/wordpress\/wp-json\/wp\/v2\/posts\/4047\/revisions"}],"predecessor-version":[{"id":4053,"href":"https:\/\/www.ades-grenoble.org\/wordpress\/wp-json\/wp\/v2\/posts\/4047\/revisions\/4053"}],"wp:attachment":[{"href":"https:\/\/www.ades-grenoble.org\/wordpress\/wp-json\/wp\/v2\/media?parent=4047"}],"wp:term":[{"taxonomy":"category","embeddable":true,"href":"https:\/\/www.ades-grenoble.org\/wordpress\/wp-json\/wp\/v2\/categories?post=4047"},{"taxonomy":"post_tag","embeddable":true,"href":"https:\/\/www.ades-grenoble.org\/wordpress\/wp-json\/wp\/v2\/tags?post=4047"}],"curies":[{"name":"wp","href":"https:\/\/api.w.org\/{rel}","templated":true}]}}