{"id":4169,"date":"2011-06-24T19:26:26","date_gmt":"2011-06-24T17:26:26","guid":{"rendered":"http:\/\/www.ades-grenoble.org\/wordpress\/?p=4169"},"modified":"2011-06-24T19:26:26","modified_gmt":"2011-06-24T17:26:26","slug":"le-collectif-%c2%ab-vivre-a-berriat-%c2%bb-manifeste-devant-la-mairie","status":"publish","type":"post","link":"https:\/\/www.ades-grenoble.org\/wordpress\/2011\/06\/24\/le-collectif-%c2%ab-vivre-a-berriat-%c2%bb-manifeste-devant-la-mairie\/","title":{"rendered":"Le collectif \u00ab Vivre \u00e0 Berriat \u00bb manifeste devant la mairie"},"content":{"rendered":"<p>Lors du conseil municipal du 20 juin le collectif \u00ab\u00a0Vivre \u00e0 Berriat\u00a0\u00bb a diffus\u00e9 des documents tr\u00e8s pr\u00e9cis sur des op\u00e9rations immobili\u00e8res contestables conduites par la Ville.<\/p>\n<p><a href=\"http:\/\/www.ades-grenoble.org\/wordpress\/2011\/05\/28\/les-bons-usages\/\">Nous avions d\u00e9j\u00e0 \u00e9voqu\u00e9 le 28 mai dernier  ce collectif  d\u2019habitants<\/a> qui agissent de mani\u00e8re ind\u00e9pendante pour d\u00e9fendre et promouvoir d\u2019autres formes d\u2019urbanisme et d\u2019architecture, dans le respect du pass\u00e9, du pr\u00e9sent et de l\u2019avenir, du quartier Chorier Berriat et de ses habitants.<\/p>\n<p>Le collectif critique 3 op\u00e9rations immobili\u00e8res de l\u2019il\u00f4t d\u2019Alembert, du 27 rue Raspail et de l\u2019angle 20ter rue Raspail &#8211; Traverses des Iles et d\u00e9plore qu\u2019encore 4000 m\u00b2 de locaux d\u2019activit\u00e9s sont promis \u00e0 la d\u00e9molition<\/p>\n<p>Que veut le collectif\u00a0:<\/p>\n<ul>\n<li>une v\u00e9ritable concertation sur l\u2019ensemble des op\u00e9rations des anciens terrains du GRETA<\/li>\n<li>de la mixit\u00e9 et des projets qui respectent l\u2019identit\u00e9 urbaine de ce secteur de notre quartier<\/li>\n<li>la pr\u00e9servation des locaux d\u2019activit\u00e9 existants<\/li>\n<li>des locaux d\u2019activit\u00e9s \u00e0 bon march\u00e9 plut\u00f4t que des logements hors de prix<\/li>\n<li>des logements sociaux et familiaux de qualit\u00e9 avec moins de densit\u00e9<\/li>\n<li>le respect du PLU pour ces 3 op\u00e9rations<\/li>\n<li>une r\u00e9vision du PLU qui clarifie les r\u00e8gles dans les tissus urbains mixtes comme celui du quartier Chorier Berriat.<\/li>\n<\/ul>\n<p>Pour plus de renseignements\u00a0: Collectif Vivre \u00e0 Berriat \u2013 39 rue Mozart 38000 Grenoble  &#8211; 04.76.96.70.15 \u2013 <a href=\"http:\/\/www.vivaberriat.canalblog.com\" target=\"_blank\">www.vivaberriat.canalblog.com<\/a> \u2013 mel\u00a0: vivaberriat@gmail.com<\/p>\n","protected":false},"excerpt":{"rendered":"<p>Lors du conseil municipal du 20 juin le collectif \u00ab\u00a0Vivre \u00e0 Berriat\u00a0\u00bb a diffus\u00e9 des documents tr\u00e8s pr\u00e9cis sur des op\u00e9rations immobili\u00e8res contestables conduites par la Ville. Nous avions d\u00e9j\u00e0 \u00e9voqu\u00e9 le 28 mai dernier ce collectif d\u2019habitants qui agissent de mani\u00e8re ind\u00e9pendante pour d\u00e9fendre et promouvoir d\u2019autres formes d\u2019urbanisme et d\u2019architecture, dans le respect [&hellip;]<\/p>\n","protected":false},"author":1,"featured_media":0,"comment_status":"closed","ping_status":"open","sticky":false,"template":"","format":"standard","meta":{"twitterCardType":"","cardImageID":0,"cardImage":"","cardTitle":"","cardDesc":"","cardImageAlt":"","cardPlayer":"","cardPlayerWidth":0,"cardPlayerHeight":0,"cardPlayerStream":"","cardPlayerCodec":"","footnotes":""},"categories":[1],"tags":[67,12,65],"class_list":["post-4169","post","type-post","status-publish","format-standard","hentry","category-actus","tag-conseil-municipal","tag-mobilisations","tag-urbanisme"],"_links":{"self":[{"href":"https:\/\/www.ades-grenoble.org\/wordpress\/wp-json\/wp\/v2\/posts\/4169","targetHints":{"allow":["GET"]}}],"collection":[{"href":"https:\/\/www.ades-grenoble.org\/wordpress\/wp-json\/wp\/v2\/posts"}],"about":[{"href":"https:\/\/www.ades-grenoble.org\/wordpress\/wp-json\/wp\/v2\/types\/post"}],"author":[{"embeddable":true,"href":"https:\/\/www.ades-grenoble.org\/wordpress\/wp-json\/wp\/v2\/users\/1"}],"replies":[{"embeddable":true,"href":"https:\/\/www.ades-grenoble.org\/wordpress\/wp-json\/wp\/v2\/comments?post=4169"}],"version-history":[{"count":4,"href":"https:\/\/www.ades-grenoble.org\/wordpress\/wp-json\/wp\/v2\/posts\/4169\/revisions"}],"predecessor-version":[{"id":4173,"href":"https:\/\/www.ades-grenoble.org\/wordpress\/wp-json\/wp\/v2\/posts\/4169\/revisions\/4173"}],"wp:attachment":[{"href":"https:\/\/www.ades-grenoble.org\/wordpress\/wp-json\/wp\/v2\/media?parent=4169"}],"wp:term":[{"taxonomy":"category","embeddable":true,"href":"https:\/\/www.ades-grenoble.org\/wordpress\/wp-json\/wp\/v2\/categories?post=4169"},{"taxonomy":"post_tag","embeddable":true,"href":"https:\/\/www.ades-grenoble.org\/wordpress\/wp-json\/wp\/v2\/tags?post=4169"}],"curies":[{"name":"wp","href":"https:\/\/api.w.org\/{rel}","templated":true}]}}