{"id":42,"date":"2007-09-25T20:26:44","date_gmt":"2007-09-25T18:26:44","guid":{"rendered":"http:\/\/www.ades-grenoble.org\/wordpress\/?p=42"},"modified":"2010-04-05T18:16:03","modified_gmt":"2010-04-05T16:16:03","slug":"putain-dbede","status":"publish","type":"post","link":"https:\/\/www.ades-grenoble.org\/wordpress\/2007\/09\/25\/putain-dbede\/","title":{"rendered":"Putain d&rsquo;b\u00e9d\u00e9 !"},"content":{"rendered":"<p>Efix c&rsquo;est un copain. C&rsquo;est aussi un auteur de b\u00e9d\u00e9. Et j&rsquo;aime bien ce qu&rsquo;il fait.<\/p>\n<p>Attention, ne confondons pas la cause et l&rsquo;effet, c&rsquo;est pas parce que c&rsquo;est un copain que j&rsquo;aime ce qu&rsquo;il fait, j&rsquo;aime ce qu&rsquo;il fait parce que c&rsquo;est un copain. Ou plut\u00f4t je connais ce qu&rsquo;il fait parce que c&rsquo;est un copain. Si c&rsquo;\u00e9tait pas un copain peut-\u00eatre que je n&rsquo;aurai jamais lu ses b\u00e9d\u00e9s, et j&rsquo;aurai pas aim\u00e9 ce qu&rsquo;il fait, et \u00e7&rsquo;aurait \u00e9t\u00e9 bien dommage. Bref, je suis une fan !<\/p>\n<p>Efix, c&rsquo;est un auteur complet : dessin, sc\u00e9nar&rsquo;, il fait tout. Il a un trait, une patte, un style quoi. Alors quand il m&rsquo;a annonc\u00e9 la sortie de sa prochaine b\u00e9d\u00e9, \u00ab Putain d&rsquo;usine \u00bb, adaptation du livre de Jean-Pierre Levaray du m\u00eame nom, je me suis dit \u00ab \u00e7a promet d&rsquo;\u00eatre chouette ! \u00bb.<\/p>\n<p>Et bien, c&rsquo;est mieux que \u00e7a.<\/p>\n<p><!--more-->C&rsquo;est de la b\u00e9d\u00e9 qui vous prend aux tripes, qui vous serre la gorge, qui vous pique les yeux. \u00c7a raconte le quotidien de l&rsquo;ouvrier d&rsquo;usine : le taf, les 3 huit, les nuits, les fant\u00f4mes des coll\u00e8gues bouff\u00e9s par l&rsquo;usine, le spectre d&rsquo;AZF, mais aussi la solidarit\u00e9, la fiert\u00e9 de la gr\u00e8ve&#8230; Une putain de vie de merde, bouff\u00e9e par l&rsquo;usine, jour apr\u00e8s jour, nuit apr\u00e8s nuit, ann\u00e9e apr\u00e8s ann\u00e9e. Et les conditions de travail qui se d\u00e9gradent. Et les fermetures de site. Et l&rsquo;angoisse. Et le ras l&rsquo;bol. Tout \u00e7a quoi.<\/p>\n<p>Le trait d&rsquo;Efix est toujours l\u00e0, ce trait rond qui fait passer le pire du glauque, en noir et tendre. Et de la tendresse il en faut pour avaler toute cette merde ! Le graphisme est d&rsquo;un noir et blanc somptueux, de plusieurs noirs et de plusieurs blancs, les textes sont discrets, mais si forts !<\/p>\n<p>Le bouquin de Jean-Pierre je l&rsquo;ai pas lu (je dis Jean-Pierre parce qu&rsquo;apr\u00e8s \u00e7a j&rsquo;ai l&rsquo;impression que c&rsquo;est un copain aussi). Je sais pas si je le lirai. Je crois pas, j&rsquo;ai l&rsquo;impression que sans les dessins d&rsquo;Efix il va manquer quelque chose. C&rsquo;est idiot, c&rsquo;est m\u00eame s\u00fbrement tr\u00e8s con, mais je viens de me prendre une baffe, je tendrai la joue gauche plus tard&#8230;<\/p>\n<p>Parce que c&rsquo;est une baffe, \u00e0 lire d&rsquo;urgence, \u00e0 faire lire absolument. A faire bouffer aussi \u00e0 notre Joe Dalton pr\u00e9sidentiel et \u00e0 ses frangins du Gouvernement et du Medef, \u00e0 tous ceux qui nous broutent avec la disparition de la classe ouvri\u00e8re. Elle est bien l\u00e0, la classe ouvri\u00e8re, et elle en chie, bordel ! A leur faire bouffer oui, parce que qu&rsquo;ils le lisent c&rsquo;est pas la peine : ils imprimeront pas plus qu&rsquo;avant.<\/p>\n<p>Une b\u00e9d\u00e9 baffe oui, mais y&rsquo;a du blanc dans le noir. Tiens page 120, Jean-Pierre r\u00eave \u00e0 un monde meilleur, \u00ab un monde o\u00f9 les travaux chiants mais vraiment n\u00e9cessaires seraient automatis\u00e9s au maximum. Une organisation qui verrait les travaux p\u00e9nibles effectu\u00e9s par rotation. Une civilisation d&rsquo;autogestion. Des femmes et des hommes \u00e9panouis. Une terre o\u00f9 l&rsquo;homme serait bon, quoi ! Et voil\u00e0&#8230; Comme chaque fois qu'[il] r\u00eavasse [il] met la barre trop haut. Comme [nous] non ? Ce serait quand m\u00eame beau&#8230; \u00bb Chiche ?<\/p>\n<p>\u00ab Putain d&rsquo;usine \u00bb, b\u00e9d\u00e9 rare&#8230;<\/p>\n<p>Laurence Comparat<\/p>\n<p><em>Putain d&rsquo;usine, Efix-Levaray, ed. Petit \u00e0 Petit, <a href=\"http:\/\/www.petitapetit.fr\" target=\"_blank\">www.petitapetit.fr<\/a><br \/>\nEn vente dans toutes les bonnes librairies ! (\u00e0 Grenoble, privil\u00e9giez Momies-Folies, librairie b\u00e9d\u00e9 ind\u00e9pendante, en centre ville)<br \/>\n<\/em><\/p>\n<p><em>Efix a dessin\u00e9 pour Le Rouge &amp; le Vert, retrouvez ses dessins sur <a href=\"http:\/\/www.ades-grenoble.org\/wordpress\/?cat=7\">nos archives en ligne<\/a><\/em><\/p>\n","protected":false},"excerpt":{"rendered":"<p>Efix c&rsquo;est un copain. C&rsquo;est aussi un auteur de b\u00e9d\u00e9. Et j&rsquo;aime bien ce qu&rsquo;il fait. Attention, ne confondons pas la cause et l&rsquo;effet, c&rsquo;est pas parce que c&rsquo;est un copain que j&rsquo;aime ce qu&rsquo;il fait, j&rsquo;aime ce qu&rsquo;il fait parce que c&rsquo;est un copain. Ou plut\u00f4t je connais ce qu&rsquo;il fait parce que c&rsquo;est [&hellip;]<\/p>\n","protected":false},"author":3,"featured_media":0,"comment_status":"open","ping_status":"open","sticky":false,"template":"","format":"standard","meta":{"twitterCardType":"","cardImageID":0,"cardImage":"","cardTitle":"","cardDesc":"","cardImageAlt":"","cardPlayer":"","cardPlayerWidth":0,"cardPlayerHeight":0,"cardPlayerStream":"","cardPlayerCodec":"","footnotes":""},"categories":[13],"tags":[7,33],"class_list":["post-42","post","type-post","status-publish","format-standard","hentry","category-chronique","tag-le-rouge-le-vert","tag-social"],"_links":{"self":[{"href":"https:\/\/www.ades-grenoble.org\/wordpress\/wp-json\/wp\/v2\/posts\/42","targetHints":{"allow":["GET"]}}],"collection":[{"href":"https:\/\/www.ades-grenoble.org\/wordpress\/wp-json\/wp\/v2\/posts"}],"about":[{"href":"https:\/\/www.ades-grenoble.org\/wordpress\/wp-json\/wp\/v2\/types\/post"}],"author":[{"embeddable":true,"href":"https:\/\/www.ades-grenoble.org\/wordpress\/wp-json\/wp\/v2\/users\/3"}],"replies":[{"embeddable":true,"href":"https:\/\/www.ades-grenoble.org\/wordpress\/wp-json\/wp\/v2\/comments?post=42"}],"version-history":[{"count":1,"href":"https:\/\/www.ades-grenoble.org\/wordpress\/wp-json\/wp\/v2\/posts\/42\/revisions"}],"predecessor-version":[{"id":1444,"href":"https:\/\/www.ades-grenoble.org\/wordpress\/wp-json\/wp\/v2\/posts\/42\/revisions\/1444"}],"wp:attachment":[{"href":"https:\/\/www.ades-grenoble.org\/wordpress\/wp-json\/wp\/v2\/media?parent=42"}],"wp:term":[{"taxonomy":"category","embeddable":true,"href":"https:\/\/www.ades-grenoble.org\/wordpress\/wp-json\/wp\/v2\/categories?post=42"},{"taxonomy":"post_tag","embeddable":true,"href":"https:\/\/www.ades-grenoble.org\/wordpress\/wp-json\/wp\/v2\/tags?post=42"}],"curies":[{"name":"wp","href":"https:\/\/api.w.org\/{rel}","templated":true}]}}